{"id":278,"date":"2023-11-22T14:00:00","date_gmt":"2023-11-22T17:00:00","guid":{"rendered":"https:\/\/fphv.org\/?p=1917"},"modified":"2023-11-22T14:00:00","modified_gmt":"2023-11-22T17:00:00","slug":"delegacion-de-zhejiang-en-la-ciudad-de-la-plata","status":"publish","type":"post","link":"https:\/\/fphv.org\/?p=278","title":{"rendered":"Delegaci\u00f3n de Zhejiang en la Ciudad de La Plata."},"content":{"rendered":"\n<p>Este mi\u00e9rcoles 22 de noviembre la FPHV recibi\u00f3 a una Delegaci\u00f3n China de la Provincia de Zhejiang, Rep\u00fablica Popular China, y mantuvieron una reuni\u00f3n con representantes de las C\u00e1maras Comerciales y empresarios de la Ciudad en la sede de la Fundaci\u00f3n Pro Humanae Vitae.<\/p>\n\n\n\n<p>Encabez\u00f3 la delegaci\u00f3n; el Sr. Zhang Weiren, Inspector de Primera Clase, Federaci\u00f3n de Zhejiang de Chinos en el Extranjero Retornados; Sr. Huang Wenxiu, Decano del Instituto de Investigaci\u00f3n de Medicina de Zhejiang; Sra. Zhang Hong, Vicedecana del Hospital Provincial de Medicina de Zhejiang; Sr. Lin Xianming, Decano del Hospital Provincial de Zhongshan de Zhejiang; Sr. Dong Lei, Vicedecano del Hospital Xin Hua de la Provincia de Zhejiang; Sra. Zhano Jiahui, Jefe de Departamento de la Federaci\u00f3n de chinos de ultramar retornados, departamento de intercambio cultural y de comunicaci\u00f3n de informaci\u00f3n.<\/p>\n\n\n\n<p>Por parte de la Fundaci\u00f3n Pro Humanae Vitae estuvo presente: Su Presidente, el Sr. Rafael Vel\u00e1zquez; Miembros del Instituto de Formaci\u00f3n y Promoci\u00f3n del Comercio dela FPHV: Martin Ranea, Presidente de la Asociaci\u00f3n de la C\u00e1mara La Plata Oeste; Mart\u00edn Bizet, Gerente comercial de la C\u00e1mara de Comercio e Industria de City Bell; Natalia Raciti, nuestra Directora del Instituto de la Mujer y Presidenta de la C\u00e1mara de Comercio del Centro; y Mat\u00edas Picci, Presidente de la C\u00e1mara de Comerciantes e Industriales e Avenida 44.<br>Por parte del Instituto de Responsabilidad Social Corporativa de la FPHV, participaron: Gustavo Navarro, Presidente de Cooperba; y el Secretario de Relaciones Institucionales de la Ciudad de La Plata, Fabian Lugli.<\/p>\n\n\n\n<p>Esta reuni\u00f3n tuvo como objetivo discutir la posibilidad de cooperaci\u00f3n en materia de Medicina Tradicional China y Ciencias M\u00e9dicas.<\/p>\n","protected":false},"excerpt":{"rendered":"<p>Este mi\u00e9rcoles 22 de noviembre la FPHV recibi\u00f3 a una Delegaci\u00f3n China de la Provincia de Zhejiang, Rep\u00fablica Popular China, y mantuvieron una reuni\u00f3n con representantes de las C\u00e1maras Comerciales y empresarios de la Ciudad en la sede de la Fundaci\u00f3n Pro Humanae Vitae. Encabez\u00f3 la delegaci\u00f3n; el Sr. Zhang Weiren, Inspector de Primera Clase, [&hellip;]<\/p>\n","protected":false},"author":2,"featured_media":279,"comment_status":"open","ping_status":"open","sticky":false,"template":"","format":"standard","meta":{"footnotes":""},"categories":[2],"tags":[],"class_list":["post-278","post","type-post","status-publish","format-standard","has-post-thumbnail","hentry","category-prensa"],"_links":{"self":[{"href":"https:\/\/fphv.org\/index.php?rest_route=\/wp\/v2\/posts\/278","targetHints":{"allow":["GET"]}}],"collection":[{"href":"https:\/\/fphv.org\/index.php?rest_route=\/wp\/v2\/posts"}],"about":[{"href":"https:\/\/fphv.org\/index.php?rest_route=\/wp\/v2\/types\/post"}],"author":[{"embeddable":true,"href":"https:\/\/fphv.org\/index.php?rest_route=\/wp\/v2\/users\/2"}],"replies":[{"embeddable":true,"href":"https:\/\/fphv.org\/index.php?rest_route=%2Fwp%2Fv2%2Fcomments&post=278"}],"version-history":[{"count":0,"href":"https:\/\/fphv.org\/index.php?rest_route=\/wp\/v2\/posts\/278\/revisions"}],"wp:featuredmedia":[{"embeddable":true,"href":"https:\/\/fphv.org\/index.php?rest_route=\/wp\/v2\/media\/279"}],"wp:attachment":[{"href":"https:\/\/fphv.org\/index.php?rest_route=%2Fwp%2Fv2%2Fmedia&parent=278"}],"wp:term":[{"taxonomy":"category","embeddable":true,"href":"https:\/\/fphv.org\/index.php?rest_route=%2Fwp%2Fv2%2Fcategories&post=278"},{"taxonomy":"post_tag","embeddable":true,"href":"https:\/\/fphv.org\/index.php?rest_route=%2Fwp%2Fv2%2Ftags&post=278"}],"curies":[{"name":"wp","href":"https:\/\/api.w.org\/{rel}","templated":true}]}}