{"id":276,"date":"2023-11-25T14:00:00","date_gmt":"2023-11-25T17:00:00","guid":{"rendered":"https:\/\/fphv.org\/?p=1924"},"modified":"2023-11-25T14:00:00","modified_gmt":"2023-11-25T17:00:00","slug":"instituto-de-la-mujer-muestra-fotografica-sentires","status":"publish","type":"post","link":"https:\/\/fphv.org\/?p=276","title":{"rendered":"Instituto de la Mujer: Muestra fotogr\u00e1fica SENTIRES"},"content":{"rendered":"\n<p>El s\u00e1bado 25 de noviembre, en el marco del D\u00eda Internacional de la Eliminaci\u00f3n de la Violencia contra la Mujer, el Instituto de la Mujer de la FPHV, el Grupo Acompa\u00f1antes y la C\u00e1mara La Plata Oeste organizaron la muestra fotogr\u00e1fica \u201cSentires\u201d en la Biblioteca 455 de Guti\u00e9rrez, Berazategui.<\/p>\n\n\n\n<p>Esta muestra fotogr\u00e1fica tiene por objetivo poner en im\u00e1genes y sentimientos sensaciones de mujeres que fueron v\u00edctimas de violencia de g\u00e9nero.<\/p>\n\n\n\n<p>Participaron del evento, Natalia Raciti, directora del Instituto de la Mujer; Erica P\u00e9rez, miembro del Instituto de la Mujer; Marcelo Mancuso, presidente de CALPO y Diego Ortiz, coordinador del Grupo Acompa\u00f1antes.<\/p>\n","protected":false},"excerpt":{"rendered":"<p>El s\u00e1bado 25 de noviembre, en el marco del D\u00eda Internacional de la Eliminaci\u00f3n de la Violencia contra la Mujer, el Instituto de la Mujer de la FPHV, el Grupo Acompa\u00f1antes y la C\u00e1mara La Plata Oeste organizaron la muestra fotogr\u00e1fica \u201cSentires\u201d en la Biblioteca 455 de Guti\u00e9rrez, Berazategui. Esta muestra fotogr\u00e1fica tiene por objetivo [&hellip;]<\/p>\n","protected":false},"author":2,"featured_media":277,"comment_status":"open","ping_status":"open","sticky":false,"template":"","format":"standard","meta":{"footnotes":""},"categories":[2],"tags":[],"class_list":["post-276","post","type-post","status-publish","format-standard","has-post-thumbnail","hentry","category-prensa"],"_links":{"self":[{"href":"https:\/\/fphv.org\/index.php?rest_route=\/wp\/v2\/posts\/276","targetHints":{"allow":["GET"]}}],"collection":[{"href":"https:\/\/fphv.org\/index.php?rest_route=\/wp\/v2\/posts"}],"about":[{"href":"https:\/\/fphv.org\/index.php?rest_route=\/wp\/v2\/types\/post"}],"author":[{"embeddable":true,"href":"https:\/\/fphv.org\/index.php?rest_route=\/wp\/v2\/users\/2"}],"replies":[{"embeddable":true,"href":"https:\/\/fphv.org\/index.php?rest_route=%2Fwp%2Fv2%2Fcomments&post=276"}],"version-history":[{"count":0,"href":"https:\/\/fphv.org\/index.php?rest_route=\/wp\/v2\/posts\/276\/revisions"}],"wp:featuredmedia":[{"embeddable":true,"href":"https:\/\/fphv.org\/index.php?rest_route=\/wp\/v2\/media\/277"}],"wp:attachment":[{"href":"https:\/\/fphv.org\/index.php?rest_route=%2Fwp%2Fv2%2Fmedia&parent=276"}],"wp:term":[{"taxonomy":"category","embeddable":true,"href":"https:\/\/fphv.org\/index.php?rest_route=%2Fwp%2Fv2%2Fcategories&post=276"},{"taxonomy":"post_tag","embeddable":true,"href":"https:\/\/fphv.org\/index.php?rest_route=%2Fwp%2Fv2%2Ftags&post=276"}],"curies":[{"name":"wp","href":"https:\/\/api.w.org\/{rel}","templated":true}]}}