{"id":273,"date":"2023-11-28T16:00:00","date_gmt":"2023-11-28T19:00:00","guid":{"rendered":"https:\/\/fphv.org\/?p=1921"},"modified":"2023-11-28T16:00:00","modified_gmt":"2023-11-28T19:00:00","slug":"comenzo-el-ciclo-de-reuniones-informativas-sobre-los-derechos-de-los-adultos-mayores","status":"publish","type":"post","link":"https:\/\/fphv.org\/?p=273","title":{"rendered":"Comenz\u00f3 el ciclo de reuniones informativas sobre los derechos de los adultos mayores"},"content":{"rendered":"\n<p>En la sede del Centro Recreativo Vecinal \u201cEl Campito Nro. 5\u201d, de calle 31 entre 49 y 50,\u00a0\u00a0tuvo lugar una reuni\u00f3n organizada por el Instituto de la Nueva Edad de la Fundaci\u00f3n Pro Humanae Vitae en la que los integrantes del INE brindaron amplia informaci\u00f3n a miembros del Centro e invitados especiales sobre los derechos que asisten a las personas mayores de ser tratados con respeto y dignidad en empresas comerciales, bancos, oficinas p\u00fablicas, etc., donde muchas veces son sometidas a un trato humillante.<br>Participaron los padrinos del INE Alberto Alba (Presidente de la Federaci\u00f3n de Instituciones Culturales y Deportivas) , Graciela S\u00e1nchez (Fundadora y ex Presidente de la Fundaci\u00f3n Pro Humanae Vitae) , y la Defensora Ciudadana de La Plata, Lic. Marcela Farroni.<br>El INE destac\u00f3 que se trataba \u00a0de la primera reuni\u00f3n de un ciclo destinado a considerar esa problem\u00e1tica en clubes, bibliotecas, centros recreativos y otros establecimientos de bien p\u00fablico de los\u00a0\u00a0distintos barrios de la ciudad de La Plata.<\/p>\n\n\n\n<p><a href=\"https:\/\/www.instagram.com\/explore\/tags\/fphv\/\">#FPHV<\/a><\/p>\n","protected":false},"excerpt":{"rendered":"<p>En la sede del Centro Recreativo Vecinal \u201cEl Campito Nro. 5\u201d, de calle 31 entre 49 y 50,\u00a0\u00a0tuvo lugar una reuni\u00f3n organizada por el Instituto de la Nueva Edad de la Fundaci\u00f3n Pro Humanae Vitae en la que los integrantes del INE brindaron amplia informaci\u00f3n a miembros del Centro e invitados especiales sobre los derechos [&hellip;]<\/p>\n","protected":false},"author":2,"featured_media":274,"comment_status":"open","ping_status":"open","sticky":false,"template":"","format":"standard","meta":{"footnotes":""},"categories":[2],"tags":[],"class_list":["post-273","post","type-post","status-publish","format-standard","has-post-thumbnail","hentry","category-prensa"],"_links":{"self":[{"href":"https:\/\/fphv.org\/index.php?rest_route=\/wp\/v2\/posts\/273","targetHints":{"allow":["GET"]}}],"collection":[{"href":"https:\/\/fphv.org\/index.php?rest_route=\/wp\/v2\/posts"}],"about":[{"href":"https:\/\/fphv.org\/index.php?rest_route=\/wp\/v2\/types\/post"}],"author":[{"embeddable":true,"href":"https:\/\/fphv.org\/index.php?rest_route=\/wp\/v2\/users\/2"}],"replies":[{"embeddable":true,"href":"https:\/\/fphv.org\/index.php?rest_route=%2Fwp%2Fv2%2Fcomments&post=273"}],"version-history":[{"count":0,"href":"https:\/\/fphv.org\/index.php?rest_route=\/wp\/v2\/posts\/273\/revisions"}],"wp:featuredmedia":[{"embeddable":true,"href":"https:\/\/fphv.org\/index.php?rest_route=\/wp\/v2\/media\/274"}],"wp:attachment":[{"href":"https:\/\/fphv.org\/index.php?rest_route=%2Fwp%2Fv2%2Fmedia&parent=273"}],"wp:term":[{"taxonomy":"category","embeddable":true,"href":"https:\/\/fphv.org\/index.php?rest_route=%2Fwp%2Fv2%2Fcategories&post=273"},{"taxonomy":"post_tag","embeddable":true,"href":"https:\/\/fphv.org\/index.php?rest_route=%2Fwp%2Fv2%2Ftags&post=273"}],"curies":[{"name":"wp","href":"https:\/\/api.w.org\/{rel}","templated":true}]}}