{"id":271,"date":"2023-11-28T20:00:00","date_gmt":"2023-11-28T23:00:00","guid":{"rendered":"https:\/\/fphv.org\/?p=1930"},"modified":"2023-11-28T20:00:00","modified_gmt":"2023-11-28T23:00:00","slug":"primera-convencion-anual-de-construyo-al-costo","status":"publish","type":"post","link":"https:\/\/fphv.org\/?p=271","title":{"rendered":"Primera Convenci\u00f3n Anual de Construyo al Costo"},"content":{"rendered":"\n<p>El 28 de noviembre de 2023 se realiz\u00f3 en el Sal\u00f3n Vonharv la Primera Convenci\u00f3n Anual de Construyo al Costo, donde se hizo el lanzamiento oficial del plan de expansi\u00f3n comercial 2024, del cual participaron profesionales y empresarios del rubro de la construcci\u00f3n y del rubro inmobiliario.<\/p>\n\n\n\n<p>En representaci\u00f3n de la FPHV, particip\u00f3 nuestro presidente Rafael Vel\u00e1zquez, acompa\u00f1ado por autoridades y miembros de la C\u00e1mara La Plata Oeste.<\/p>\n\n\n\n<p>Desde la FPHV, felicitamos al Grupo POSE y Construya al Costo por el trabajo realizado y por los proyectos en camino que sin duda significar\u00e1n m\u00e1s inversi\u00f3n, desarrollo y generaci\u00f3n de trabajo de calidad.<\/p>\n","protected":false},"excerpt":{"rendered":"<p>El 28 de noviembre de 2023 se realiz\u00f3 en el Sal\u00f3n Vonharv la Primera Convenci\u00f3n Anual de Construyo al Costo, donde se hizo el lanzamiento oficial del plan de expansi\u00f3n comercial 2024, del cual participaron profesionales y empresarios del rubro de la construcci\u00f3n y del rubro inmobiliario. En representaci\u00f3n de la FPHV, particip\u00f3 nuestro presidente [&hellip;]<\/p>\n","protected":false},"author":2,"featured_media":272,"comment_status":"open","ping_status":"open","sticky":false,"template":"","format":"standard","meta":{"footnotes":""},"categories":[2],"tags":[],"class_list":["post-271","post","type-post","status-publish","format-standard","has-post-thumbnail","hentry","category-prensa"],"_links":{"self":[{"href":"https:\/\/fphv.org\/index.php?rest_route=\/wp\/v2\/posts\/271","targetHints":{"allow":["GET"]}}],"collection":[{"href":"https:\/\/fphv.org\/index.php?rest_route=\/wp\/v2\/posts"}],"about":[{"href":"https:\/\/fphv.org\/index.php?rest_route=\/wp\/v2\/types\/post"}],"author":[{"embeddable":true,"href":"https:\/\/fphv.org\/index.php?rest_route=\/wp\/v2\/users\/2"}],"replies":[{"embeddable":true,"href":"https:\/\/fphv.org\/index.php?rest_route=%2Fwp%2Fv2%2Fcomments&post=271"}],"version-history":[{"count":0,"href":"https:\/\/fphv.org\/index.php?rest_route=\/wp\/v2\/posts\/271\/revisions"}],"wp:featuredmedia":[{"embeddable":true,"href":"https:\/\/fphv.org\/index.php?rest_route=\/wp\/v2\/media\/272"}],"wp:attachment":[{"href":"https:\/\/fphv.org\/index.php?rest_route=%2Fwp%2Fv2%2Fmedia&parent=271"}],"wp:term":[{"taxonomy":"category","embeddable":true,"href":"https:\/\/fphv.org\/index.php?rest_route=%2Fwp%2Fv2%2Fcategories&post=271"},{"taxonomy":"post_tag","embeddable":true,"href":"https:\/\/fphv.org\/index.php?rest_route=%2Fwp%2Fv2%2Ftags&post=271"}],"curies":[{"name":"wp","href":"https:\/\/api.w.org\/{rel}","templated":true}]}}