{"id":269,"date":"2023-12-06T10:00:00","date_gmt":"2023-12-06T13:00:00","guid":{"rendered":"https:\/\/fphv.org\/?p=1927"},"modified":"2023-12-06T10:00:00","modified_gmt":"2023-12-06T13:00:00","slug":"delegacion-proveniente-de-la-provincia-de-hubei-visita-la-ciudad-de-la-plata","status":"publish","type":"post","link":"https:\/\/fphv.org\/?p=269","title":{"rendered":"Delegaci\u00f3n proveniente de la Provincia de Hubei visita la Ciudad de La Plata"},"content":{"rendered":"\n<p>Este mi\u00e9rcoles 6 de diciembre una delegaci\u00f3n proveniente de la Provincia de Hubei de la Rep\u00fablica Popular China, visit\u00f3 la ciudad de La Plata y mantuvo una reuni\u00f3n en la sede de la Fundaci\u00f3n Pro Humanae Vitae con representantes de las c\u00e1maras comerciales de la ciudad.<\/p>\n\n\n\n<p>La delegaci\u00f3n estuvo encabezada por el Sr. Wang Zhaomin \u2013 Director del Comit\u00e9 econ\u00f3mico de Hubei; acompa\u00f1ado por Chen Zhong \u2013 Director Adjunto del Comit\u00e9 econ\u00f3mico de Hubei; Tan Yeming \u2013 Vicepresidente del Comit\u00e9 Yichang del Pueblo Chino, Xu Guangxi \u2013 Vicepresidente del Comit\u00e9 Suizhou del Pueblo Chino; Yang Yanzhao \u2013 Subdirector Dedicado del Comit\u00e9 econ\u00f3mico de Hubei; y por la Sra. Song Shiqiong &#8211; Directora adjunta del Comit\u00e9 de Econom\u00eda de la Provincia de Chinos de Hubei.<\/p>\n\n\n\n<p>Por parte de la Fundaci\u00f3n Pro Humanae Vitae, estuvo presente su presidente, el se\u00f1or Rafael Vel\u00e1zquez,; miembros del Instituto del Instituto de Formaci\u00f3n y Promoci\u00f3n del Comercio de la FPHV, Mart\u00edn Ranea, presidente de la Asociaci\u00f3n Amigos de Calle 12; Mart\u00edn Bizet, gerente comercial de la C\u00e1mara de Comercio e Industria de City Bell y Natalia Raciti, presidenta de la C\u00e1mara Comercial del Centro.<\/p>\n\n\n\n<p>Acompa\u00f1\u00f3 tambi\u00e9n en la reuni\u00f3n, Fabi\u00e1n Lugli, secretario de Relaciones Institucionales de la Municipalidad de La Plata.<\/p>\n\n\n\n<p>El objetivo de la reuni\u00f3n fue el de introducir el sistema de consulta pol\u00edtica y cooperaci\u00f3n multipartidista liderado por el Partido Comunista de China, llevar a pr\u00e1ctica la democracia deliberativa socialista, promoviendo las ventajas integrales y el potencial desarrollo de Hubei como un punto de apoyo importante en el curso medio del r\u00edo Changjiang y una &#8220;nueva costa&#8221; para la apertura interior.<\/p>\n","protected":false},"excerpt":{"rendered":"<p>Este mi\u00e9rcoles 6 de diciembre una delegaci\u00f3n proveniente de la Provincia de Hubei de la Rep\u00fablica Popular China, visit\u00f3 la ciudad de La Plata y mantuvo una reuni\u00f3n en la sede de la Fundaci\u00f3n Pro Humanae Vitae con representantes de las c\u00e1maras comerciales de la ciudad. La delegaci\u00f3n estuvo encabezada por el Sr. Wang Zhaomin [&hellip;]<\/p>\n","protected":false},"author":2,"featured_media":270,"comment_status":"open","ping_status":"open","sticky":false,"template":"","format":"standard","meta":{"footnotes":""},"categories":[2],"tags":[],"class_list":["post-269","post","type-post","status-publish","format-standard","has-post-thumbnail","hentry","category-prensa"],"_links":{"self":[{"href":"https:\/\/fphv.org\/index.php?rest_route=\/wp\/v2\/posts\/269","targetHints":{"allow":["GET"]}}],"collection":[{"href":"https:\/\/fphv.org\/index.php?rest_route=\/wp\/v2\/posts"}],"about":[{"href":"https:\/\/fphv.org\/index.php?rest_route=\/wp\/v2\/types\/post"}],"author":[{"embeddable":true,"href":"https:\/\/fphv.org\/index.php?rest_route=\/wp\/v2\/users\/2"}],"replies":[{"embeddable":true,"href":"https:\/\/fphv.org\/index.php?rest_route=%2Fwp%2Fv2%2Fcomments&post=269"}],"version-history":[{"count":0,"href":"https:\/\/fphv.org\/index.php?rest_route=\/wp\/v2\/posts\/269\/revisions"}],"wp:featuredmedia":[{"embeddable":true,"href":"https:\/\/fphv.org\/index.php?rest_route=\/wp\/v2\/media\/270"}],"wp:attachment":[{"href":"https:\/\/fphv.org\/index.php?rest_route=%2Fwp%2Fv2%2Fmedia&parent=269"}],"wp:term":[{"taxonomy":"category","embeddable":true,"href":"https:\/\/fphv.org\/index.php?rest_route=%2Fwp%2Fv2%2Fcategories&post=269"},{"taxonomy":"post_tag","embeddable":true,"href":"https:\/\/fphv.org\/index.php?rest_route=%2Fwp%2Fv2%2Ftags&post=269"}],"curies":[{"name":"wp","href":"https:\/\/api.w.org\/{rel}","templated":true}]}}