{"id":267,"date":"2023-12-14T14:00:00","date_gmt":"2023-12-14T17:00:00","guid":{"rendered":"https:\/\/fphv.org\/?p=1933"},"modified":"2023-12-14T14:00:00","modified_gmt":"2023-12-14T17:00:00","slug":"charla-por-el-dia-internacional-de-las-personas-con-discapacidad-celebrar-a-las-mujeres-con-discapacidad-que-lideran-el-camino-en-tecnologia-e-innovacion","status":"publish","type":"post","link":"https:\/\/fphv.org\/?p=267","title":{"rendered":"Charla por el D\u00eda Internacional de las Personas con Discapacidad: celebrar a las mujeres con discapacidad que lideran el camino en tecnolog\u00eda e innovaci\u00f3n."},"content":{"rendered":"\n<p>Este jueves 14 de diciembre, nuestra Directora del Instituto de la Mujer, Natalia Raciti; y nuestra Gestora de Proyectos de Cooperaci\u00f3n Nacional e Internacional, Valentina Ya\u00f1ez, participaron de la charla por el D\u00eda Internacional de Personas con Discapacidad brindada por World Summit on the Information Society.<\/p>\n\n\n\n<p>Este evento busc\u00f3 resaltar las contribuciones significativas de las mujeres con discapacidad en diversos roles dentro del sector y promover su visibilidad e influencia. Fomentando la acci\u00f3n colectiva para garantizar que la innovaci\u00f3n y la tecnolog\u00eda sean m\u00e1s inclusivas y accesibles, promueve la diversidad y la inclusi\u00f3n, trabajando hacia el logro de los Objetivos de Desarrollo Sostenible (ODS) y la creaci\u00f3n de un futuro m\u00e1s equitativo.<\/p>\n\n\n\n<p>Participaron: la Misi\u00f3n Permanente de Panam\u00e1 ante las Naciones Unidas en Nueva York, la Uni\u00f3n Internacional de Telecomunicaciones (UIT) y la Organizaci\u00f3n Mundial de la Propiedad Intelectual (OMPI) y sus socios.<\/p>\n\n\n\n<p>Desde FPHV creemos que la inclusi\u00f3n de toda persona con discapacidad es crucial para un futuro m\u00e1s equitativo y pr\u00f3spero. La Sociedad Civil, el sector estatal, y los organismos internacionales deben colaborar para suplir estas desigualdades existentes, y as\u00ed conseguir una sociedad mucho m\u00e1s igualitaria.<\/p>\n","protected":false},"excerpt":{"rendered":"<p>Este jueves 14 de diciembre, nuestra Directora del Instituto de la Mujer, Natalia Raciti; y nuestra Gestora de Proyectos de Cooperaci\u00f3n Nacional e Internacional, Valentina Ya\u00f1ez, participaron de la charla por el D\u00eda Internacional de Personas con Discapacidad brindada por World Summit on the Information Society. Este evento busc\u00f3 resaltar las contribuciones significativas de las [&hellip;]<\/p>\n","protected":false},"author":2,"featured_media":268,"comment_status":"open","ping_status":"open","sticky":false,"template":"","format":"standard","meta":{"footnotes":""},"categories":[2],"tags":[],"class_list":["post-267","post","type-post","status-publish","format-standard","has-post-thumbnail","hentry","category-prensa"],"_links":{"self":[{"href":"https:\/\/fphv.org\/index.php?rest_route=\/wp\/v2\/posts\/267","targetHints":{"allow":["GET"]}}],"collection":[{"href":"https:\/\/fphv.org\/index.php?rest_route=\/wp\/v2\/posts"}],"about":[{"href":"https:\/\/fphv.org\/index.php?rest_route=\/wp\/v2\/types\/post"}],"author":[{"embeddable":true,"href":"https:\/\/fphv.org\/index.php?rest_route=\/wp\/v2\/users\/2"}],"replies":[{"embeddable":true,"href":"https:\/\/fphv.org\/index.php?rest_route=%2Fwp%2Fv2%2Fcomments&post=267"}],"version-history":[{"count":0,"href":"https:\/\/fphv.org\/index.php?rest_route=\/wp\/v2\/posts\/267\/revisions"}],"wp:featuredmedia":[{"embeddable":true,"href":"https:\/\/fphv.org\/index.php?rest_route=\/wp\/v2\/media\/268"}],"wp:attachment":[{"href":"https:\/\/fphv.org\/index.php?rest_route=%2Fwp%2Fv2%2Fmedia&parent=267"}],"wp:term":[{"taxonomy":"category","embeddable":true,"href":"https:\/\/fphv.org\/index.php?rest_route=%2Fwp%2Fv2%2Fcategories&post=267"},{"taxonomy":"post_tag","embeddable":true,"href":"https:\/\/fphv.org\/index.php?rest_route=%2Fwp%2Fv2%2Ftags&post=267"}],"curies":[{"name":"wp","href":"https:\/\/api.w.org\/{rel}","templated":true}]}}