{"id":265,"date":"2023-12-14T14:00:00","date_gmt":"2023-12-14T17:00:00","guid":{"rendered":"https:\/\/fphv.org\/?p=1936"},"modified":"2023-12-14T14:00:00","modified_gmt":"2023-12-14T17:00:00","slug":"ultimo-fits-del-ano","status":"publish","type":"post","link":"https:\/\/fphv.org\/?p=265","title":{"rendered":"\u00a1\u00daltimo FITS del a\u00f1o!"},"content":{"rendered":"\n<p>Este jueves 14 de diciembre, nuestra Directora del Instituto de la Mujer, Natalia Raciti, y nuestra Coordinadora de Proyectos de Cooperaci\u00f3n Nacionales e Internacionales, Valentina Ya\u00f1ez, participaron de la \u00faltima charla FITS del a\u00f1o.<\/p>\n\n\n\n<p>Este festival, organizado entre Wingu y Fundaci\u00f3n Alternativas, adem\u00e1s de ser un espacio para potenciar las industrias y los emprendimientos culturales a trav\u00e9s de la innovaci\u00f3n y la tecnolog\u00eda, busca equipar a las personas creadoras culturales con el conocimiento y las herramientas necesarias para forjar una resiliencia digital s\u00f3lida, que les permita navegar y prosperar en el nuevo paisaje que se despliega en la sociedad.<\/p>\n\n\n\n<p>Desde FPHV creemos que trabajar en una capacitaci\u00f3n adecuada sobre las era digital es sumamente importante, formando as\u00ed l\u00edderes mucho m\u00e1s capacitados para los nuevos desaf\u00edos que enfrentara el mundo en los pr\u00f3ximos a\u00f1os. Tanto el sector estatal, como las organizaciones de la Sociedad Civil, y los organismos internacionales, deben trabajar en conjunto para poder brindar un mejor abordaje de esta tem\u00e1tica.<\/p>\n","protected":false},"excerpt":{"rendered":"<p>Este jueves 14 de diciembre, nuestra Directora del Instituto de la Mujer, Natalia Raciti, y nuestra Coordinadora de Proyectos de Cooperaci\u00f3n Nacionales e Internacionales, Valentina Ya\u00f1ez, participaron de la \u00faltima charla FITS del a\u00f1o. Este festival, organizado entre Wingu y Fundaci\u00f3n Alternativas, adem\u00e1s de ser un espacio para potenciar las industrias y los emprendimientos culturales [&hellip;]<\/p>\n","protected":false},"author":2,"featured_media":266,"comment_status":"open","ping_status":"open","sticky":false,"template":"","format":"standard","meta":{"footnotes":""},"categories":[2],"tags":[],"class_list":["post-265","post","type-post","status-publish","format-standard","has-post-thumbnail","hentry","category-prensa"],"_links":{"self":[{"href":"https:\/\/fphv.org\/index.php?rest_route=\/wp\/v2\/posts\/265","targetHints":{"allow":["GET"]}}],"collection":[{"href":"https:\/\/fphv.org\/index.php?rest_route=\/wp\/v2\/posts"}],"about":[{"href":"https:\/\/fphv.org\/index.php?rest_route=\/wp\/v2\/types\/post"}],"author":[{"embeddable":true,"href":"https:\/\/fphv.org\/index.php?rest_route=\/wp\/v2\/users\/2"}],"replies":[{"embeddable":true,"href":"https:\/\/fphv.org\/index.php?rest_route=%2Fwp%2Fv2%2Fcomments&post=265"}],"version-history":[{"count":0,"href":"https:\/\/fphv.org\/index.php?rest_route=\/wp\/v2\/posts\/265\/revisions"}],"wp:featuredmedia":[{"embeddable":true,"href":"https:\/\/fphv.org\/index.php?rest_route=\/wp\/v2\/media\/266"}],"wp:attachment":[{"href":"https:\/\/fphv.org\/index.php?rest_route=%2Fwp%2Fv2%2Fmedia&parent=265"}],"wp:term":[{"taxonomy":"category","embeddable":true,"href":"https:\/\/fphv.org\/index.php?rest_route=%2Fwp%2Fv2%2Fcategories&post=265"},{"taxonomy":"post_tag","embeddable":true,"href":"https:\/\/fphv.org\/index.php?rest_route=%2Fwp%2Fv2%2Ftags&post=265"}],"curies":[{"name":"wp","href":"https:\/\/api.w.org\/{rel}","templated":true}]}}