{"id":263,"date":"2023-12-15T16:00:00","date_gmt":"2023-12-15T19:00:00","guid":{"rendered":"https:\/\/fphv.org\/?p=1948"},"modified":"2023-12-15T16:00:00","modified_gmt":"2023-12-15T19:00:00","slug":"la-noche-de-regalos-y-la-gala-de-las-vidrieras-4","status":"publish","type":"post","link":"https:\/\/fphv.org\/?p=263","title":{"rendered":"La Noche de Regalos y la Gala de las Vidrieras"},"content":{"rendered":"\n<p>\u00a1La magia de la Navidad llega con la Noche de Regalos y la Gala de las Vidrieras el mi\u00e9rcoles 20 de diciembre! Ven\u00ed a comprar tu regalito para estas fiestas \ud83d\ude01<\/p>\n\n\n\n<p>A partir de las 20 hasta las 24 horas vas a poder encontrar:<br>&#8211; Descuentos y promociones en los principales comercios del Centro Comercial<br>&#8211; Y muchas sorpresas m\u00e1s\ud83c\udf84\ud83c\udf81<\/p>\n\n\n\n<p>Te esperamos para vivir juntos esta experiencia \u00fanica! \u2728\ud83c\udfb6&nbsp;<a href=\"https:\/\/www.instagram.com\/explore\/tags\/nochedelosregalos\/\">#NocheDeLosRegalos<\/a><a href=\"https:\/\/www.instagram.com\/explore\/tags\/galadelasvidrieras\/\">#GalaDeLasVidrieras<\/a><\/p>\n\n\n\n<p>Esta es una iniciativa impulsada por las c\u00e1maras: Asociaci\u00f3n Amigos de Calle 12; C\u00e1mara La Plata Oeste; C\u00e1mara Comercial del Centro Platense; C\u00e1mara de Comercio e Industria City Bell; C\u00e1mara Comercial San Carlos; Centro de Comerciantes e Industriales de Avenida 44; Comerciantes de Meridiano V; C\u00e1mara de Comerciantes de Joaqu\u00edn Gorina; c\u00e1maras miembro del Instituto de Formaci\u00f3n y Promoci\u00f3n del Comercio de la Fundaci\u00f3n Pro Humanae Vitae conjuntamente con la C\u00e1mara de Comercio Industria y Servicios de La Plata y la C\u00e1mara Argentina de Comercio, organizadora pionera del evento desde el a\u00f1o 2012.<\/p>\n","protected":false},"excerpt":{"rendered":"<p>\u00a1La magia de la Navidad llega con la Noche de Regalos y la Gala de las Vidrieras el mi\u00e9rcoles 20 de diciembre! Ven\u00ed a comprar tu regalito para estas fiestas \ud83d\ude01 A partir de las 20 hasta las 24 horas vas a poder encontrar:&#8211; Descuentos y promociones en los principales comercios del Centro Comercial&#8211; Y [&hellip;]<\/p>\n","protected":false},"author":2,"featured_media":264,"comment_status":"open","ping_status":"open","sticky":false,"template":"","format":"standard","meta":{"footnotes":""},"categories":[2],"tags":[],"class_list":["post-263","post","type-post","status-publish","format-standard","has-post-thumbnail","hentry","category-prensa"],"_links":{"self":[{"href":"https:\/\/fphv.org\/index.php?rest_route=\/wp\/v2\/posts\/263","targetHints":{"allow":["GET"]}}],"collection":[{"href":"https:\/\/fphv.org\/index.php?rest_route=\/wp\/v2\/posts"}],"about":[{"href":"https:\/\/fphv.org\/index.php?rest_route=\/wp\/v2\/types\/post"}],"author":[{"embeddable":true,"href":"https:\/\/fphv.org\/index.php?rest_route=\/wp\/v2\/users\/2"}],"replies":[{"embeddable":true,"href":"https:\/\/fphv.org\/index.php?rest_route=%2Fwp%2Fv2%2Fcomments&post=263"}],"version-history":[{"count":0,"href":"https:\/\/fphv.org\/index.php?rest_route=\/wp\/v2\/posts\/263\/revisions"}],"wp:featuredmedia":[{"embeddable":true,"href":"https:\/\/fphv.org\/index.php?rest_route=\/wp\/v2\/media\/264"}],"wp:attachment":[{"href":"https:\/\/fphv.org\/index.php?rest_route=%2Fwp%2Fv2%2Fmedia&parent=263"}],"wp:term":[{"taxonomy":"category","embeddable":true,"href":"https:\/\/fphv.org\/index.php?rest_route=%2Fwp%2Fv2%2Fcategories&post=263"},{"taxonomy":"post_tag","embeddable":true,"href":"https:\/\/fphv.org\/index.php?rest_route=%2Fwp%2Fv2%2Ftags&post=263"}],"curies":[{"name":"wp","href":"https:\/\/api.w.org\/{rel}","templated":true}]}}