{"id":259,"date":"2023-12-15T18:00:00","date_gmt":"2023-12-15T21:00:00","guid":{"rendered":"https:\/\/fphv.org\/?p=1945"},"modified":"2023-12-15T18:00:00","modified_gmt":"2023-12-15T21:00:00","slug":"la-noche-de-regalos-y-la-gala-de-las-vidrieras-3","status":"publish","type":"post","link":"https:\/\/fphv.org\/?p=259","title":{"rendered":"la Noche de Regalos y la Gala de las Vidrieras"},"content":{"rendered":"\n<p>Prep\u00e1rate para vivir la magia de la Navidad con la Noche de Regalos y la Gala de las Vidrieras el mi\u00e9rcoles 20 de diciembre! \ud83c\udf81\u2728 Ven\u00ed y descubr\u00ed el regalo perfecto para estas fiestas \ud83d\ude01<\/p>\n\n\n\n<p>Desde las 20:00 hasta las 24:00 horas, podr\u00e1s disfrutar de:<\/p>\n\n\n\n<p>-Incre\u00edbles descuentos y promociones en los principales comercios del Centro Comercial<br>-\u00a1La presencia especial de Pap\u00e1 Noel para sacarte fotos inolvidables! \ud83c\udf85\ud83d\udcf8<\/p>\n\n\n\n<p>-\u00a1Te esperamos para ser parte de esta experiencia \u00fanica! \u2728\ud83c\udfb6&nbsp;<a href=\"https:\/\/www.instagram.com\/explore\/tags\/nochedelosregalos\/\">#NocheDeLosRegalos<\/a><a href=\"https:\/\/www.instagram.com\/explore\/tags\/galadelasvidrieras\/\">#GalaDeLasVidrieras<\/a><\/p>\n\n\n\n<p>Esta iniciativa es impulsada por las c\u00e1maras: Asociaci\u00f3n Amigos de Calle 12; C\u00e1mara La Plata Oeste; C\u00e1mara Comercial del Centro Platense; C\u00e1mara de Comercio e Industria City Bell; C\u00e1mara Comercial San Carlos; Centro de Comerciantes e Industriales de Avenida 44; Comerciantes de Meridiano V; C\u00e1mara de Comerciantes de Joaqu\u00edn Gorina; c\u00e1maras miembro del Instituto de Formaci\u00f3n y Promoci\u00f3n del Comercio de la Fundaci\u00f3n Pro Humanae Vitae en colaboraci\u00f3n con la C\u00e1mara de Comercio Industria y Servicios de La Plata y la C\u00e1mara Argentina de Comercio, organizadora pionera del evento desde el a\u00f1o 2012<\/p>\n","protected":false},"excerpt":{"rendered":"<p>Prep\u00e1rate para vivir la magia de la Navidad con la Noche de Regalos y la Gala de las Vidrieras el mi\u00e9rcoles 20 de diciembre! \ud83c\udf81\u2728 Ven\u00ed y descubr\u00ed el regalo perfecto para estas fiestas \ud83d\ude01 Desde las 20:00 hasta las 24:00 horas, podr\u00e1s disfrutar de: -Incre\u00edbles descuentos y promociones en los principales comercios del Centro [&hellip;]<\/p>\n","protected":false},"author":2,"featured_media":260,"comment_status":"open","ping_status":"open","sticky":false,"template":"","format":"standard","meta":{"footnotes":""},"categories":[2],"tags":[],"class_list":["post-259","post","type-post","status-publish","format-standard","has-post-thumbnail","hentry","category-prensa"],"_links":{"self":[{"href":"https:\/\/fphv.org\/index.php?rest_route=\/wp\/v2\/posts\/259","targetHints":{"allow":["GET"]}}],"collection":[{"href":"https:\/\/fphv.org\/index.php?rest_route=\/wp\/v2\/posts"}],"about":[{"href":"https:\/\/fphv.org\/index.php?rest_route=\/wp\/v2\/types\/post"}],"author":[{"embeddable":true,"href":"https:\/\/fphv.org\/index.php?rest_route=\/wp\/v2\/users\/2"}],"replies":[{"embeddable":true,"href":"https:\/\/fphv.org\/index.php?rest_route=%2Fwp%2Fv2%2Fcomments&post=259"}],"version-history":[{"count":0,"href":"https:\/\/fphv.org\/index.php?rest_route=\/wp\/v2\/posts\/259\/revisions"}],"wp:featuredmedia":[{"embeddable":true,"href":"https:\/\/fphv.org\/index.php?rest_route=\/wp\/v2\/media\/260"}],"wp:attachment":[{"href":"https:\/\/fphv.org\/index.php?rest_route=%2Fwp%2Fv2%2Fmedia&parent=259"}],"wp:term":[{"taxonomy":"category","embeddable":true,"href":"https:\/\/fphv.org\/index.php?rest_route=%2Fwp%2Fv2%2Fcategories&post=259"},{"taxonomy":"post_tag","embeddable":true,"href":"https:\/\/fphv.org\/index.php?rest_route=%2Fwp%2Fv2%2Ftags&post=259"}],"curies":[{"name":"wp","href":"https:\/\/api.w.org\/{rel}","templated":true}]}}