{"id":257,"date":"2023-12-16T20:00:00","date_gmt":"2023-12-16T23:00:00","guid":{"rendered":"https:\/\/fphv.org\/?p=1951"},"modified":"2023-12-16T20:00:00","modified_gmt":"2023-12-16T23:00:00","slug":"fiesta-de-fin-de-ano-de-la-fundacion-pro-humanae-vitae","status":"publish","type":"post","link":"https:\/\/fphv.org\/?p=257","title":{"rendered":"Fiesta de Fin de A\u00f1o de la Fundacion Pro Humanae Vitae"},"content":{"rendered":"\n<p>El s\u00e1bado 16 de diciembre se realiz\u00f3 en el Sal\u00f3n Dardo Rocha del Hip\u00f3dromo de La Plata, la Fiesta de Fin de A\u00f1o de la Fundaci\u00f3n Pro Humanae Vitae.<br>El encuentro reuni\u00f3 a los principales empresarios, comerciantes y dirigentes sociales en una noche para conmemorar los logros alcanzados conjuntamente con todos los partners en el marco de la Responsabilidad Social Empresaria durante el 2023.<br>El evento cont\u00f3 con las palabras de bienvenida del presidente de la fundaci\u00f3n, Rafael Vel\u00e1zquez quien remarc\u00f3 la importancia de que el sector privado trabaje en conjunto para seguir generando valor social y desarrollo en nuestra ciudad.<br>Participaron tambi\u00e9n del evento autoridades y directores de Instituto de la Fundaci\u00f3n Pro Humanae Vitae. Por parte del Instituto de Formaci\u00f3n y Promoci\u00f3n del Comercio participaron Martin Ranea, presidente de la Asociaci\u00f3n Amigos de Calle Doce; Mart\u00edn Bizet, presidente de la C\u00e1mara de Comercio e Industria de City Bell; Natalia Raciti, presidenta de la C\u00e1mara Comercial del Centro Platense; Marcelo Mancuso, presidente de la C\u00e1mara La Plata Oeste y Mat\u00edas Picci, presidente de la C\u00e1mara de Comerciantes e Industriales de Avenida 44.<br>Por parte del Instituto de Responsabilidad Social Corporativa participaron David Serna, Gustavo Etchanch\u00fa, Diego Aguirre y Joaqu\u00edn Serna por parte del Grupo POSE; Walter Mastropietro de la Empresa Nueve de Julio; D\u00e9bora Navarro y Ezequiel Navarro, de Cooperba; Sandra Diz y Juan Ignacio Falchi de Cell Play; Ariel Molfino de Sybila y Diego Renga por Bed Collection.<br>Asimismo, participaron Diego Gonz\u00e1lez, director del Instituto de Deportes; Luciano Legnoverde del Instituto de Educaci\u00f3n Financiera y Emilio Raffo del Instituto de Formaci\u00f3n Ciudadana, contando tambi\u00e9n con la presencia de la fundadora Graciela S\u00e1nchez.<\/p>\n","protected":false},"excerpt":{"rendered":"<p>El s\u00e1bado 16 de diciembre se realiz\u00f3 en el Sal\u00f3n Dardo Rocha del Hip\u00f3dromo de La Plata, la Fiesta de Fin de A\u00f1o de la Fundaci\u00f3n Pro Humanae Vitae.El encuentro reuni\u00f3 a los principales empresarios, comerciantes y dirigentes sociales en una noche para conmemorar los logros alcanzados conjuntamente con todos los partners en el marco [&hellip;]<\/p>\n","protected":false},"author":2,"featured_media":258,"comment_status":"open","ping_status":"open","sticky":false,"template":"","format":"standard","meta":{"footnotes":""},"categories":[2],"tags":[],"class_list":["post-257","post","type-post","status-publish","format-standard","has-post-thumbnail","hentry","category-prensa"],"_links":{"self":[{"href":"https:\/\/fphv.org\/index.php?rest_route=\/wp\/v2\/posts\/257","targetHints":{"allow":["GET"]}}],"collection":[{"href":"https:\/\/fphv.org\/index.php?rest_route=\/wp\/v2\/posts"}],"about":[{"href":"https:\/\/fphv.org\/index.php?rest_route=\/wp\/v2\/types\/post"}],"author":[{"embeddable":true,"href":"https:\/\/fphv.org\/index.php?rest_route=\/wp\/v2\/users\/2"}],"replies":[{"embeddable":true,"href":"https:\/\/fphv.org\/index.php?rest_route=%2Fwp%2Fv2%2Fcomments&post=257"}],"version-history":[{"count":0,"href":"https:\/\/fphv.org\/index.php?rest_route=\/wp\/v2\/posts\/257\/revisions"}],"wp:featuredmedia":[{"embeddable":true,"href":"https:\/\/fphv.org\/index.php?rest_route=\/wp\/v2\/media\/258"}],"wp:attachment":[{"href":"https:\/\/fphv.org\/index.php?rest_route=%2Fwp%2Fv2%2Fmedia&parent=257"}],"wp:term":[{"taxonomy":"category","embeddable":true,"href":"https:\/\/fphv.org\/index.php?rest_route=%2Fwp%2Fv2%2Fcategories&post=257"},{"taxonomy":"post_tag","embeddable":true,"href":"https:\/\/fphv.org\/index.php?rest_route=%2Fwp%2Fv2%2Ftags&post=257"}],"curies":[{"name":"wp","href":"https:\/\/api.w.org\/{rel}","templated":true}]}}