{"id":255,"date":"2023-12-19T19:00:00","date_gmt":"2023-12-19T22:00:00","guid":{"rendered":"https:\/\/fphv.org\/?p=1954"},"modified":"2023-12-19T19:00:00","modified_gmt":"2023-12-19T22:00:00","slug":"charla-para-emprendedores-como-planificar-objetivos-en-un-mercado-volatil-incierto-y-cambiante","status":"publish","type":"post","link":"https:\/\/fphv.org\/?p=255","title":{"rendered":"Charla para emprendedores: \u201cComo planificar objetivos en un mercado vol\u00e1til, incierto y cambiante\u201d"},"content":{"rendered":"\n<p>El martes 19 de diciembre se realiz\u00f3 la charla \u201cComo planificar objetivos en un mercado vol\u00e1til, incierto y cambiante\u201d a cargo del br\u00f3ker Jorge Testa de Remax Diagonal 2 en el Hotel Gran Brizo de la ciudad de La Plata.<\/p>\n\n\n\n<p>El encuentro destinado a emprendedores, comerciantes y empresarios estuvo organizado por el Instituto de Responsabilidad Social Corporativa, el Instituto de Formaci\u00f3n y Promoci\u00f3n del Comercio de la Fundaci\u00f3n Pro Humanae Vitae y REMAX Diagonal 2.<\/p>\n\n\n\n<p>Con una sala llena, el disertante expuso acerca de herramientas para que los emprendedores puedan planificar sus negocios y alcanzar mejor los objetivos propuestos, asegur\u00e1ndose una rentabilidad mejor frente al contexto actual.<\/p>\n","protected":false},"excerpt":{"rendered":"<p>El martes 19 de diciembre se realiz\u00f3 la charla \u201cComo planificar objetivos en un mercado vol\u00e1til, incierto y cambiante\u201d a cargo del br\u00f3ker Jorge Testa de Remax Diagonal 2 en el Hotel Gran Brizo de la ciudad de La Plata. El encuentro destinado a emprendedores, comerciantes y empresarios estuvo organizado por el Instituto de Responsabilidad [&hellip;]<\/p>\n","protected":false},"author":2,"featured_media":256,"comment_status":"open","ping_status":"open","sticky":false,"template":"","format":"standard","meta":{"footnotes":""},"categories":[2],"tags":[],"class_list":["post-255","post","type-post","status-publish","format-standard","has-post-thumbnail","hentry","category-prensa"],"_links":{"self":[{"href":"https:\/\/fphv.org\/index.php?rest_route=\/wp\/v2\/posts\/255","targetHints":{"allow":["GET"]}}],"collection":[{"href":"https:\/\/fphv.org\/index.php?rest_route=\/wp\/v2\/posts"}],"about":[{"href":"https:\/\/fphv.org\/index.php?rest_route=\/wp\/v2\/types\/post"}],"author":[{"embeddable":true,"href":"https:\/\/fphv.org\/index.php?rest_route=\/wp\/v2\/users\/2"}],"replies":[{"embeddable":true,"href":"https:\/\/fphv.org\/index.php?rest_route=%2Fwp%2Fv2%2Fcomments&post=255"}],"version-history":[{"count":0,"href":"https:\/\/fphv.org\/index.php?rest_route=\/wp\/v2\/posts\/255\/revisions"}],"wp:featuredmedia":[{"embeddable":true,"href":"https:\/\/fphv.org\/index.php?rest_route=\/wp\/v2\/media\/256"}],"wp:attachment":[{"href":"https:\/\/fphv.org\/index.php?rest_route=%2Fwp%2Fv2%2Fmedia&parent=255"}],"wp:term":[{"taxonomy":"category","embeddable":true,"href":"https:\/\/fphv.org\/index.php?rest_route=%2Fwp%2Fv2%2Fcategories&post=255"},{"taxonomy":"post_tag","embeddable":true,"href":"https:\/\/fphv.org\/index.php?rest_route=%2Fwp%2Fv2%2Ftags&post=255"}],"curies":[{"name":"wp","href":"https:\/\/api.w.org\/{rel}","templated":true}]}}