{"id":243,"date":"2024-01-17T15:30:00","date_gmt":"2024-01-17T18:30:00","guid":{"rendered":"https:\/\/fphv.org\/?p=1972"},"modified":"2024-01-17T15:30:00","modified_gmt":"2024-01-17T18:30:00","slug":"reunion-con-el-secretario-de-seguridad-y-los-principales-centros-comerciales-de-la-ciudad-de-la-plata","status":"publish","type":"post","link":"https:\/\/fphv.org\/?p=243","title":{"rendered":"Reuni\u00f3n con el Secretario de Seguridad y los principales centros comerciales de la Ciudad de La Plata"},"content":{"rendered":"\n<p>REUNI\u00d3N CON EL SECRETARIO DE SEGURIDAD Y LOS PRINCIPALES CENTROS COMERCIALES DE LA CIUDAD DE LA PLATA<\/p>\n\n\n\n<p>El mi\u00e9rcoles 17 de enero se reunieron en la sede de la Fundaci\u00f3n Pro Humanae Vitae, los presidentes de las c\u00e1maras comerciales de la ciudad, integrantes del Instituto de Formaci\u00f3n y Promoci\u00f3n del Comercio de la FPHV, con el flamante Secretario de Seguridad de la Municipalidad de La Plata, Diego Mario Abel Pepe.<\/p>\n\n\n\n<p>Estuvieron presentes en la reuni\u00f3n, Mart\u00edn Ranea, presidente de la Asociaci\u00f3n Amigos de Calle 12; Natalia Raciti, presidenta de la C\u00e1mara Comercial del Centro Platense; Marcelo Mancuso, presidente de la C\u00e1mara La Plata Oeste; Mart\u00edn Bizet, presidente de la C\u00e1mara de Comercio e Industria de City Bell y Mat\u00edas Picci, presidente de la C\u00e1mara de Comerciantes e Industriales de Avenida 44. Asimismo estuvo presente en la reuni\u00f3n, el presidente de la Fundaci\u00f3n, Rafael Velazquez.<\/p>\n\n\n\n<p>La reuni\u00f3n tuvo por objetivo presentar el trabajo del Instituto de Formaci\u00f3n y Promoci\u00f3n del Comercio, la situaci\u00f3n actual del comercio en la ciudad bajo la \u00f3ptica de la seguridad y urbanidad, para trabajar en pol\u00edticas que garanticen la mejora de los intereses de los comerciantes, espec\u00edficamente con la situaci\u00f3n de los manteros y la venta ambulante.<br>En este sentido, el Secretario de Seguridad tambi\u00e9n expuso las mejoras que se plantean para la ciudad en el corto y mediano plazo en cuanto a infraestructura y log\u00edstica de parte de la secretar\u00eda para brindar mejores servicios.<\/p>\n\n\n\n<p>Las c\u00e1maras comerciales tambi\u00e9n mencionaron los problemas propios de la inseguridad, presentando as\u00ed proyectos y soluciones que ser\u00e1n canalizados en el corto plazo y beneficiar\u00e1n a los centros comerciales, potenciando el trabajo y la generaci\u00f3n de empleo de la ciudad.<\/p>\n","protected":false},"excerpt":{"rendered":"<p>REUNI\u00d3N CON EL SECRETARIO DE SEGURIDAD Y LOS PRINCIPALES CENTROS COMERCIALES DE LA CIUDAD DE LA PLATA El mi\u00e9rcoles 17 de enero se reunieron en la sede de la Fundaci\u00f3n Pro Humanae Vitae, los presidentes de las c\u00e1maras comerciales de la ciudad, integrantes del Instituto de Formaci\u00f3n y Promoci\u00f3n del Comercio de la FPHV, con [&hellip;]<\/p>\n","protected":false},"author":2,"featured_media":244,"comment_status":"open","ping_status":"open","sticky":false,"template":"","format":"standard","meta":{"footnotes":""},"categories":[2],"tags":[],"class_list":["post-243","post","type-post","status-publish","format-standard","has-post-thumbnail","hentry","category-prensa"],"_links":{"self":[{"href":"https:\/\/fphv.org\/index.php?rest_route=\/wp\/v2\/posts\/243","targetHints":{"allow":["GET"]}}],"collection":[{"href":"https:\/\/fphv.org\/index.php?rest_route=\/wp\/v2\/posts"}],"about":[{"href":"https:\/\/fphv.org\/index.php?rest_route=\/wp\/v2\/types\/post"}],"author":[{"embeddable":true,"href":"https:\/\/fphv.org\/index.php?rest_route=\/wp\/v2\/users\/2"}],"replies":[{"embeddable":true,"href":"https:\/\/fphv.org\/index.php?rest_route=%2Fwp%2Fv2%2Fcomments&post=243"}],"version-history":[{"count":0,"href":"https:\/\/fphv.org\/index.php?rest_route=\/wp\/v2\/posts\/243\/revisions"}],"wp:featuredmedia":[{"embeddable":true,"href":"https:\/\/fphv.org\/index.php?rest_route=\/wp\/v2\/media\/244"}],"wp:attachment":[{"href":"https:\/\/fphv.org\/index.php?rest_route=%2Fwp%2Fv2%2Fmedia&parent=243"}],"wp:term":[{"taxonomy":"category","embeddable":true,"href":"https:\/\/fphv.org\/index.php?rest_route=%2Fwp%2Fv2%2Fcategories&post=243"},{"taxonomy":"post_tag","embeddable":true,"href":"https:\/\/fphv.org\/index.php?rest_route=%2Fwp%2Fv2%2Ftags&post=243"}],"curies":[{"name":"wp","href":"https:\/\/api.w.org\/{rel}","templated":true}]}}