{"id":237,"date":"2024-01-23T17:30:00","date_gmt":"2024-01-23T20:30:00","guid":{"rendered":"https:\/\/fphv.org\/?p=1978"},"modified":"2024-01-23T17:30:00","modified_gmt":"2024-01-23T20:30:00","slug":"instituto-de-la-nueva-edad-de-la-fphv-se-capacita-acerca-de-las-ciudades-amigables","status":"publish","type":"post","link":"https:\/\/fphv.org\/?p=237","title":{"rendered":"Instituto de la Nueva Edad de la FPHV se capacita acerca de las &#8220;Ciudades amigables&#8221;"},"content":{"rendered":"\n<p>Invitados por la Red Mayor y HelpAge Internacional, la directora Sandra Campos y miembros de la mesa del Instituto de la Nueva Edad de la Fundaci\u00f3n Pro Humanae Vitae participaron en el taller intensivo \u201cVoz, Ciudades y Comunidades amigables con las personas mayores\u201d , que se llev\u00f3 a cabo en la ciudad de La Plata durante los dias 17 y 18 de enero.<\/p>\n\n\n\n<p>El objetivo del taller fue presentar los principios, conceptos e ideas que hay detr\u00e1s de ciudades y comunidades amigables y pensar qu\u00e9 acciones desarrollar para lograr entornos m\u00e1s inclusivos y mejorar la calidad de vida de los ciudadanos. Como consecuencia de ello, la Fundaci\u00f3n Pro Humanae Vitae, y su instituto ser\u00e1n, el pr\u00f3ximo mes de febrero, los anfitriones para recibir a todas las entidades convocadas por la Red Mayor y trabajar en un proyecto concreto de mejora social vinculado con la comunidad local.<\/p>\n\n\n\n<p>Graciela S\u00e1nchez, fundadora de la FPHV y madrina del INE particip\u00f3 y apoy\u00f3 con su experiencia en ambas jornadas.<br>El INE agradece por haber sido convocado a la Directora de Red Mayor y del taller, Silvia Gasc\u00f3n, a su coordinadora Adriana Ruffa ,a Marcela Bustamante representante de la red Helpage para Am\u00e9rica Latina y el Caribe y a la Defensora Ciudadana de La Plata,Marcela Farroni.<\/p>\n\n\n\n<p>Nos volveremos a encontrar en febrero para seguir trabajando por una ciudad inclusiva y amigable para las personas mayores.<\/p>\n","protected":false},"excerpt":{"rendered":"<p>Invitados por la Red Mayor y HelpAge Internacional, la directora Sandra Campos y miembros de la mesa del Instituto de la Nueva Edad de la Fundaci\u00f3n Pro Humanae Vitae participaron en el taller intensivo \u201cVoz, Ciudades y Comunidades amigables con las personas mayores\u201d , que se llev\u00f3 a cabo en la ciudad de La Plata [&hellip;]<\/p>\n","protected":false},"author":2,"featured_media":238,"comment_status":"open","ping_status":"open","sticky":false,"template":"","format":"standard","meta":{"footnotes":""},"categories":[2],"tags":[],"class_list":["post-237","post","type-post","status-publish","format-standard","has-post-thumbnail","hentry","category-prensa"],"_links":{"self":[{"href":"https:\/\/fphv.org\/index.php?rest_route=\/wp\/v2\/posts\/237","targetHints":{"allow":["GET"]}}],"collection":[{"href":"https:\/\/fphv.org\/index.php?rest_route=\/wp\/v2\/posts"}],"about":[{"href":"https:\/\/fphv.org\/index.php?rest_route=\/wp\/v2\/types\/post"}],"author":[{"embeddable":true,"href":"https:\/\/fphv.org\/index.php?rest_route=\/wp\/v2\/users\/2"}],"replies":[{"embeddable":true,"href":"https:\/\/fphv.org\/index.php?rest_route=%2Fwp%2Fv2%2Fcomments&post=237"}],"version-history":[{"count":0,"href":"https:\/\/fphv.org\/index.php?rest_route=\/wp\/v2\/posts\/237\/revisions"}],"wp:featuredmedia":[{"embeddable":true,"href":"https:\/\/fphv.org\/index.php?rest_route=\/wp\/v2\/media\/238"}],"wp:attachment":[{"href":"https:\/\/fphv.org\/index.php?rest_route=%2Fwp%2Fv2%2Fmedia&parent=237"}],"wp:term":[{"taxonomy":"category","embeddable":true,"href":"https:\/\/fphv.org\/index.php?rest_route=%2Fwp%2Fv2%2Fcategories&post=237"},{"taxonomy":"post_tag","embeddable":true,"href":"https:\/\/fphv.org\/index.php?rest_route=%2Fwp%2Fv2%2Ftags&post=237"}],"curies":[{"name":"wp","href":"https:\/\/api.w.org\/{rel}","templated":true}]}}