{"id":202,"date":"2024-02-21T16:30:00","date_gmt":"2024-02-21T19:30:00","guid":{"rendered":"https:\/\/fphv.org\/?p=2031"},"modified":"2024-02-21T16:30:00","modified_gmt":"2024-02-21T19:30:00","slug":"reunion-con-el-arzobispo-de-la-plata","status":"publish","type":"post","link":"https:\/\/fphv.org\/?p=202","title":{"rendered":"Reuni\u00f3n con el Arzobispo de La Plata"},"content":{"rendered":"\n<p>El 9 de febrero, el presidente de la Fundaci\u00f3n Pro Humanae Vitae, Rafael Velazquez y su fundadora, Graciela S\u00e1nchez, se reunieron con Monse\u00f1or Gabriel Mestre, Arzobispo de La Plata, para presentarles el trabajo que la FPHV viene realizando hace m\u00e1s de 28 a\u00f1os en la ciudad.<\/p>\n\n\n\n<p>En un ameno encuentro, conversaron acerca de la obra de la Fundaci\u00f3n para promover el bien com\u00fan y el desarrollo humano, asimismo presentaron los programas insignia de la organizaci\u00f3n, como el programa de Econom\u00eda Social, la Feria de Artesan\u00edas y Dise\u00f1o Manos Platenses, junto con el Programa CUGA que da trabajo a cientos de emprendedores.<\/p>\n\n\n\n<p>El Padre Obispo, visitara los diferentes programas de la FPHV para conocer a sus miembros y llevarles su bendici\u00f3n.<\/p>\n","protected":false},"excerpt":{"rendered":"<p>El 9 de febrero, el presidente de la Fundaci\u00f3n Pro Humanae Vitae, Rafael Velazquez y su fundadora, Graciela S\u00e1nchez, se reunieron con Monse\u00f1or Gabriel Mestre, Arzobispo de La Plata, para presentarles el trabajo que la FPHV viene realizando hace m\u00e1s de 28 a\u00f1os en la ciudad. En un ameno encuentro, conversaron acerca de la obra [&hellip;]<\/p>\n","protected":false},"author":2,"featured_media":203,"comment_status":"closed","ping_status":"open","sticky":false,"template":"","format":"standard","meta":{"footnotes":""},"categories":[2],"tags":[],"class_list":["post-202","post","type-post","status-publish","format-standard","has-post-thumbnail","hentry","category-prensa"],"_links":{"self":[{"href":"https:\/\/fphv.org\/index.php?rest_route=\/wp\/v2\/posts\/202","targetHints":{"allow":["GET"]}}],"collection":[{"href":"https:\/\/fphv.org\/index.php?rest_route=\/wp\/v2\/posts"}],"about":[{"href":"https:\/\/fphv.org\/index.php?rest_route=\/wp\/v2\/types\/post"}],"author":[{"embeddable":true,"href":"https:\/\/fphv.org\/index.php?rest_route=\/wp\/v2\/users\/2"}],"replies":[{"embeddable":true,"href":"https:\/\/fphv.org\/index.php?rest_route=%2Fwp%2Fv2%2Fcomments&post=202"}],"version-history":[{"count":0,"href":"https:\/\/fphv.org\/index.php?rest_route=\/wp\/v2\/posts\/202\/revisions"}],"wp:featuredmedia":[{"embeddable":true,"href":"https:\/\/fphv.org\/index.php?rest_route=\/wp\/v2\/media\/203"}],"wp:attachment":[{"href":"https:\/\/fphv.org\/index.php?rest_route=%2Fwp%2Fv2%2Fmedia&parent=202"}],"wp:term":[{"taxonomy":"category","embeddable":true,"href":"https:\/\/fphv.org\/index.php?rest_route=%2Fwp%2Fv2%2Fcategories&post=202"},{"taxonomy":"post_tag","embeddable":true,"href":"https:\/\/fphv.org\/index.php?rest_route=%2Fwp%2Fv2%2Ftags&post=202"}],"curies":[{"name":"wp","href":"https:\/\/api.w.org\/{rel}","templated":true}]}}