{"id":200,"date":"2024-02-24T14:00:00","date_gmt":"2024-02-24T17:00:00","guid":{"rendered":"https:\/\/fphv.org\/?p=2034"},"modified":"2024-02-24T14:00:00","modified_gmt":"2024-02-24T17:00:00","slug":"a-casi-una-semana-del-evento-chino-mas-grande-de-latam","status":"publish","type":"post","link":"https:\/\/fphv.org\/?p=200","title":{"rendered":"A casi una semana del Evento chino m\u00e1s grande de LATAM"},"content":{"rendered":"\n<p>Desde\u00a0<a href=\"https:\/\/www.instagram.com\/fphvarg\/\">@fphvarg<\/a>\u00a0no queremos dejar de agradecer a todas las personas que asistieron e hicieron posible este gran evento.<\/p>\n\n\n\n<p>Al Embajador de la Rep\u00fablica Popular China en Argentina, Sr. Wang Wei. Al Gobernador de la Provincia de Buenos Aires&nbsp;<a href=\"https:\/\/www.instagram.com\/kicillofok\/\">@kicillofok<\/a>&nbsp;Al Intendente de la Ciudad de La Plata&nbsp;<a href=\"https:\/\/www.instagram.com\/julio_alak\/\">@julio_alak<\/a>&nbsp;A nuestro Presidente de la Fundaci\u00f3n Pro Humane Vitae&nbsp;<a href=\"https:\/\/www.instagram.com\/rafaelvelazquezarg\/\">@rafaelvelazquezarg<\/a><\/p>\n\n\n\n<p>A la co-organizaci\u00f3n que nos acompa\u00f1\u00f3 minuto a minuto: Asociaci\u00f3n de Comerciantes Chinos de La Plata, C\u00e1mara de Comercio de Guangdong&nbsp;<a href=\"https:\/\/www.instagram.com\/cguangdong.argentina\/\">@cguangdong.argentina<\/a>&nbsp;Mei Hua&nbsp;<a href=\"https:\/\/www.instagram.com\/mei_hua_kung_fu\/\">@mei_hua_kung_fu<\/a>&nbsp;Municipalidad de La Plata&nbsp;<a href=\"https:\/\/www.instagram.com\/laplata.capital\/\">@laplata.capital<\/a><a href=\"https:\/\/www.instagram.com\/soyananegrete\/\">@soyananegrete<\/a><a href=\"https:\/\/www.instagram.com\/mercedeslagio\/\">@mercedeslagio<\/a><a href=\"https:\/\/www.instagram.com\/victorhortel\/\">@victorhortel<\/a>&nbsp;Gobierno de la Provincia de Buenos Aires&nbsp;<a href=\"https:\/\/www.instagram.com\/provinciaba\/\">@provinciaba<\/a><a href=\"https:\/\/www.instagram.com\/bianco.carli\/\">@bianco.carli<\/a><a href=\"https:\/\/www.instagram.com\/juanmartinmena\/\">@juanmartinmena<\/a><a href=\"https:\/\/www.instagram.com\/estelaediaz\/\">@estelaediaz<\/a>&nbsp;Instituto Cultural BA&nbsp;<a href=\"https:\/\/www.instagram.com\/buenosairescultura\/\">@buenosairescultura<\/a><a href=\"https:\/\/www.instagram.com\/fsaintout\/\">@fsaintout<\/a>&nbsp;Instituto Confucio UNLP&nbsp;<a href=\"https:\/\/www.instagram.com\/confuciounlpxisu\/\">@confuciounlpxisu<\/a><\/p>\n\n\n\n<p>A patrocinadores y auspiciantes: Nueve de Julio&nbsp;<a href=\"https:\/\/www.instagram.com\/nuevedejulio.bus\/\">@nuevedejulio.bus<\/a><a href=\"https:\/\/www.instagram.com\/waltermastropietro\/\">@waltermastropietro<\/a>&nbsp;Construyo Al Costo&nbsp;<a href=\"https:\/\/www.instagram.com\/cdor_diego_s_aguirre\/\">@cdor_diego_s_aguirre<\/a>&nbsp;Cooperba&nbsp;<a href=\"https:\/\/www.instagram.com\/cooperbaok\/\">@cooperbaok<\/a><a href=\"https:\/\/www.instagram.com\/gustavor.navarro\/\">@gustavor.navarro<\/a>&nbsp;Cell Play&nbsp;<a href=\"https:\/\/www.instagram.com\/cellplay.ok\/\">@cellplay.ok<\/a>&nbsp;Building&nbsp;<a href=\"https:\/\/www.instagram.com\/chaparrojulioc\/\">@chaparrojulioc<\/a>&nbsp;Remax Diagonal II&nbsp;<a href=\"https:\/\/www.instagram.com\/remaxdiagonal2\/\">@remaxdiagonal2<\/a>&nbsp;Sybila&nbsp;<a href=\"https:\/\/www.instagram.com\/sybilaproducciones\/\">@sybilaproducciones<\/a><a href=\"https:\/\/www.instagram.com\/sybila.ok\/\">@sybila.ok<\/a>&nbsp;Federico Bruno&nbsp;<a href=\"https:\/\/www.instagram.com\/fb_consultoriacontable\/\">@fb_consultoriacontable<\/a>&nbsp;Sonytel, Hermida Mass, WOW&nbsp;<a href=\"https:\/\/www.instagram.com\/wowpublicidadlp\/\">@wowpublicidadlp<\/a>&nbsp;Concesionaria Galia&nbsp;<a href=\"https:\/\/www.instagram.com\/galiapeugeot.oficial\/\">@galiapeugeot.oficial<\/a>&nbsp;Clanvel, Centro de Compras Calle 12&nbsp;<a href=\"https:\/\/www.instagram.com\/martinranea81\/\">@martinranea81<\/a>&nbsp;C\u00e1mara de Comercio del Centro Platense&nbsp;<a href=\"https:\/\/www.instagram.com\/natalia_raciti_\/\">@natalia_raciti_<\/a>&nbsp;Calpo&nbsp;<a href=\"https:\/\/www.instagram.com\/marcelo.mancuso.96\/\">@marcelo.mancuso.96<\/a><a href=\"https:\/\/www.instagram.com\/calpocamara\/\">@calpocamara<\/a>&nbsp;C\u00e1mara de Comercio e Industria City Bell&nbsp;<a href=\"https:\/\/www.instagram.com\/martinbizet\/\">@martinbizet<\/a>&nbsp;Comerciante Meridiano V, C\u00e1mara Comercial San Carlos, C\u00e1mara de Comercio Avenida 44&nbsp;<a href=\"https:\/\/www.instagram.com\/jmatiaspicci\/\">@jmatiaspicci<\/a>&nbsp;Centro Comercial Diagonal 80.<\/p>\n\n\n\n<p>A los emprendedores y participantes de&nbsp;<a href=\"https:\/\/www.instagram.com\/cugafphv\/\">@cugafphv<\/a>&nbsp;y&nbsp;<a href=\"https:\/\/www.instagram.com\/feriaartesanalmanos\/\">@feriaartesanalmanos<\/a>&nbsp;Y Staff.<\/p>\n\n\n\n<p>\u00a1GRACIAS A CADA UNO DE USTEDES! \ud83d\ude4c\ud83c\udffb<\/p>\n","protected":false},"excerpt":{"rendered":"<p>Desde\u00a0@fphvarg\u00a0no queremos dejar de agradecer a todas las personas que asistieron e hicieron posible este gran evento. Al Embajador de la Rep\u00fablica Popular China en Argentina, Sr. Wang Wei. Al Gobernador de la Provincia de Buenos Aires&nbsp;@kicillofok&nbsp;Al Intendente de la Ciudad de La Plata&nbsp;@julio_alak&nbsp;A nuestro Presidente de la Fundaci\u00f3n Pro Humane Vitae&nbsp;@rafaelvelazquezarg A la co-organizaci\u00f3n [&hellip;]<\/p>\n","protected":false},"author":2,"featured_media":201,"comment_status":"closed","ping_status":"open","sticky":false,"template":"","format":"standard","meta":{"footnotes":""},"categories":[2],"tags":[],"class_list":["post-200","post","type-post","status-publish","format-standard","has-post-thumbnail","hentry","category-prensa"],"_links":{"self":[{"href":"https:\/\/fphv.org\/index.php?rest_route=\/wp\/v2\/posts\/200","targetHints":{"allow":["GET"]}}],"collection":[{"href":"https:\/\/fphv.org\/index.php?rest_route=\/wp\/v2\/posts"}],"about":[{"href":"https:\/\/fphv.org\/index.php?rest_route=\/wp\/v2\/types\/post"}],"author":[{"embeddable":true,"href":"https:\/\/fphv.org\/index.php?rest_route=\/wp\/v2\/users\/2"}],"replies":[{"embeddable":true,"href":"https:\/\/fphv.org\/index.php?rest_route=%2Fwp%2Fv2%2Fcomments&post=200"}],"version-history":[{"count":0,"href":"https:\/\/fphv.org\/index.php?rest_route=\/wp\/v2\/posts\/200\/revisions"}],"wp:featuredmedia":[{"embeddable":true,"href":"https:\/\/fphv.org\/index.php?rest_route=\/wp\/v2\/media\/201"}],"wp:attachment":[{"href":"https:\/\/fphv.org\/index.php?rest_route=%2Fwp%2Fv2%2Fmedia&parent=200"}],"wp:term":[{"taxonomy":"category","embeddable":true,"href":"https:\/\/fphv.org\/index.php?rest_route=%2Fwp%2Fv2%2Fcategories&post=200"},{"taxonomy":"post_tag","embeddable":true,"href":"https:\/\/fphv.org\/index.php?rest_route=%2Fwp%2Fv2%2Ftags&post=200"}],"curies":[{"name":"wp","href":"https:\/\/api.w.org\/{rel}","templated":true}]}}