{"id":198,"date":"2024-02-29T15:00:00","date_gmt":"2024-02-29T18:00:00","guid":{"rendered":"https:\/\/fphv.org\/?p=2038"},"modified":"2024-02-29T15:00:00","modified_gmt":"2024-02-29T18:00:00","slug":"reunion-de-planificacion-del-instituto-de-la-nueva-edad","status":"publish","type":"post","link":"https:\/\/fphv.org\/?p=198","title":{"rendered":"Reuni\u00f3n de planificaci\u00f3n del Instituto de la Nueva Edad"},"content":{"rendered":"\n<p>Este jueves 29 de febrero se realiz\u00f3 un encuentro del Instituto de la Nueva Edad en la sede de la Fundaci\u00f3n Pro Humane Vitae.<\/p>\n\n\n\n<p>A fin de proyectar nuevas propuestas para el corriente a\u00f1o, se reunieron Sandra Campos, directora del Instituto; Rafael Vel\u00e1zquez, presidente de FPHV; Graciela S\u00e1nchez, fundadora de la FPHV; Marcela Farroni, Defensora Ciudadana; Alberto Alba, padrino del INE junto a integrantes del INE.<\/p>\n\n\n\n<p>Se debati\u00f3 acerca de nuevos proyectos enfocados en temas como el cumplimiento de derechos de las personas mayores, la canalizaci\u00f3n de reclamos, relaciones intergeneracionales, entre otros.<\/p>\n","protected":false},"excerpt":{"rendered":"<p>Este jueves 29 de febrero se realiz\u00f3 un encuentro del Instituto de la Nueva Edad en la sede de la Fundaci\u00f3n Pro Humane Vitae. A fin de proyectar nuevas propuestas para el corriente a\u00f1o, se reunieron Sandra Campos, directora del Instituto; Rafael Vel\u00e1zquez, presidente de FPHV; Graciela S\u00e1nchez, fundadora de la FPHV; Marcela Farroni, Defensora [&hellip;]<\/p>\n","protected":false},"author":2,"featured_media":199,"comment_status":"closed","ping_status":"open","sticky":false,"template":"","format":"standard","meta":{"footnotes":""},"categories":[2],"tags":[],"class_list":["post-198","post","type-post","status-publish","format-standard","has-post-thumbnail","hentry","category-prensa"],"_links":{"self":[{"href":"https:\/\/fphv.org\/index.php?rest_route=\/wp\/v2\/posts\/198","targetHints":{"allow":["GET"]}}],"collection":[{"href":"https:\/\/fphv.org\/index.php?rest_route=\/wp\/v2\/posts"}],"about":[{"href":"https:\/\/fphv.org\/index.php?rest_route=\/wp\/v2\/types\/post"}],"author":[{"embeddable":true,"href":"https:\/\/fphv.org\/index.php?rest_route=\/wp\/v2\/users\/2"}],"replies":[{"embeddable":true,"href":"https:\/\/fphv.org\/index.php?rest_route=%2Fwp%2Fv2%2Fcomments&post=198"}],"version-history":[{"count":0,"href":"https:\/\/fphv.org\/index.php?rest_route=\/wp\/v2\/posts\/198\/revisions"}],"wp:featuredmedia":[{"embeddable":true,"href":"https:\/\/fphv.org\/index.php?rest_route=\/wp\/v2\/media\/199"}],"wp:attachment":[{"href":"https:\/\/fphv.org\/index.php?rest_route=%2Fwp%2Fv2%2Fmedia&parent=198"}],"wp:term":[{"taxonomy":"category","embeddable":true,"href":"https:\/\/fphv.org\/index.php?rest_route=%2Fwp%2Fv2%2Fcategories&post=198"},{"taxonomy":"post_tag","embeddable":true,"href":"https:\/\/fphv.org\/index.php?rest_route=%2Fwp%2Fv2%2Ftags&post=198"}],"curies":[{"name":"wp","href":"https:\/\/api.w.org\/{rel}","templated":true}]}}