{"id":194,"date":"2024-03-06T15:00:00","date_gmt":"2024-03-06T18:00:00","guid":{"rendered":"https:\/\/fphv.org\/?p=2044"},"modified":"2024-03-06T15:00:00","modified_gmt":"2024-03-06T18:00:00","slug":"presentacion-del-proyecto-women-can-build-latam-en-marco-del-dia-internacional-de-la-mujer-%f0%9f%92%9c","status":"publish","type":"post","link":"https:\/\/fphv.org\/?p=194","title":{"rendered":"Presentaci\u00f3n del proyecto &#8220;Women Can Build LATAM&#8221; en marco del D\u00eda Internacional de La Mujer \ud83d\udc9c"},"content":{"rendered":"\n<p>Este 8 de marzo el \ud835\ude44\ud835\ude63\ud835\ude68\ud835\ude69\ud835\ude5e\ud835\ude69\ud835\ude6a\ud835\ude69\ud835\ude64 \ud835\ude59\ud835\ude5a \ud835\ude61\ud835\ude56 \ud835\ude48\ud835\ude6a\ud835\ude5f\ud835\ude5a\ud835\ude67 de la&nbsp;<a href=\"https:\/\/www.instagram.com\/fphvarg\/\">@fphvarg<\/a>&nbsp;realizar\u00e1 un encuentro abierto en el marco del programa ERASMUS &#8220;Las Mujeres pueden Construir, Am\u00e9rica Latina&#8221; co-financiado por la Uni\u00f3n Europea.<\/p>\n\n\n\n<p>El encuentro contar\u00e1 con la participaci\u00f3n del \ud835\uddd7\ud835\uddff. \ud835\uddd5\ud835\uddff\ud835\ude02\ud835\uddfb\ud835\uddfc \ud835\uddd6\ud835\uddee\ud835\uddff\ud835\uddee\ud835\uddfd\ud835\uddf2\ud835\uddf9\ud835\uddf9\ud835\uddee (Pdte. Fundaci\u00f3n Eurosur), distinguido estratega y desarrollador de la organizaci\u00f3n para entidades de nivel mundial.<\/p>\n\n\n\n<p>Estar\u00e1 presente tambi\u00e9n, Natalia Raciti, Directora del Instituto de la Mujer de FPHV; Florencia Tiberi, Responsable de la Oficina T\u00e9cnica de Sygsa; Gast\u00f3n Helvig, secretario de la Fundaci\u00f3n Eurosur; funcionarios y autoridades.<\/p>\n\n\n\n<p>El evento ser\u00e1 gratuito y contar\u00e1 con capacidad limitada.<\/p>\n\n\n\n<p>\ud83d\udc49\ud83c\udffb Encontr\u00e1 el formulario de inscripci\u00f3n en nuestro perfil.<\/p>\n\n\n\n<p>\ud83d\udcc6 Viernes 8 de marzo.<br>\ud83d\udd51 11hs<br>\ud83d\udccd Sede FPHV (Calle 53&nbsp;<a href=\"https:\/\/www.instagram.com\/explore\/tags\/654\/\">#654<\/a>)<\/p>\n\n\n\n<p>\u00a1Te esperamos!<\/p>\n","protected":false},"excerpt":{"rendered":"<p>Este 8 de marzo el \ud835\ude44\ud835\ude63\ud835\ude68\ud835\ude69\ud835\ude5e\ud835\ude69\ud835\ude6a\ud835\ude69\ud835\ude64 \ud835\ude59\ud835\ude5a \ud835\ude61\ud835\ude56 \ud835\ude48\ud835\ude6a\ud835\ude5f\ud835\ude5a\ud835\ude67 de la&nbsp;@fphvarg&nbsp;realizar\u00e1 un encuentro abierto en el marco del programa ERASMUS &#8220;Las Mujeres pueden Construir, Am\u00e9rica Latina&#8221; co-financiado por la Uni\u00f3n Europea. El encuentro contar\u00e1 con la participaci\u00f3n del \ud835\uddd7\ud835\uddff. \ud835\uddd5\ud835\uddff\ud835\ude02\ud835\uddfb\ud835\uddfc \ud835\uddd6\ud835\uddee\ud835\uddff\ud835\uddee\ud835\uddfd\ud835\uddf2\ud835\uddf9\ud835\uddf9\ud835\uddee (Pdte. Fundaci\u00f3n Eurosur), distinguido estratega y desarrollador de la organizaci\u00f3n para entidades de nivel [&hellip;]<\/p>\n","protected":false},"author":2,"featured_media":195,"comment_status":"closed","ping_status":"open","sticky":false,"template":"","format":"standard","meta":{"footnotes":""},"categories":[2],"tags":[],"class_list":["post-194","post","type-post","status-publish","format-standard","has-post-thumbnail","hentry","category-prensa"],"_links":{"self":[{"href":"https:\/\/fphv.org\/index.php?rest_route=\/wp\/v2\/posts\/194","targetHints":{"allow":["GET"]}}],"collection":[{"href":"https:\/\/fphv.org\/index.php?rest_route=\/wp\/v2\/posts"}],"about":[{"href":"https:\/\/fphv.org\/index.php?rest_route=\/wp\/v2\/types\/post"}],"author":[{"embeddable":true,"href":"https:\/\/fphv.org\/index.php?rest_route=\/wp\/v2\/users\/2"}],"replies":[{"embeddable":true,"href":"https:\/\/fphv.org\/index.php?rest_route=%2Fwp%2Fv2%2Fcomments&post=194"}],"version-history":[{"count":0,"href":"https:\/\/fphv.org\/index.php?rest_route=\/wp\/v2\/posts\/194\/revisions"}],"wp:featuredmedia":[{"embeddable":true,"href":"https:\/\/fphv.org\/index.php?rest_route=\/wp\/v2\/media\/195"}],"wp:attachment":[{"href":"https:\/\/fphv.org\/index.php?rest_route=%2Fwp%2Fv2%2Fmedia&parent=194"}],"wp:term":[{"taxonomy":"category","embeddable":true,"href":"https:\/\/fphv.org\/index.php?rest_route=%2Fwp%2Fv2%2Fcategories&post=194"},{"taxonomy":"post_tag","embeddable":true,"href":"https:\/\/fphv.org\/index.php?rest_route=%2Fwp%2Fv2%2Ftags&post=194"}],"curies":[{"name":"wp","href":"https:\/\/api.w.org\/{rel}","templated":true}]}}