{"id":1414,"date":"2025-05-16T15:12:15","date_gmt":"2025-05-16T18:12:15","guid":{"rendered":"https:\/\/fphv.org\/?p=1414"},"modified":"2025-05-29T15:22:20","modified_gmt":"2025-05-29T18:22:20","slug":"asi-fue-el-inicio-del-conversatorio-compol","status":"publish","type":"post","link":"https:\/\/fphv.org\/?p=1414","title":{"rendered":"As\u00ed fue el inicio del Conversatorio ComPol"},"content":{"rendered":"\n<p>Este jueves vivimos en el Hotel Grand Brizo de La Plata la primera edici\u00f3n del Conversatorio COMPOL, una iniciativa del Instituto de Comunicaci\u00f3n Pol\u00edtica de la Fundaci\u00f3n Pro Humanae Vitae que reuni\u00f3 a estudiantes, profesionales, comunicadores, empresarios y actores sociales para reflexionar sobre los desaf\u00edos de la comunicaci\u00f3n pol\u00edtica en el escenario actual.<\/p>\n\n\n\n<p>Con una charla inaugural titulada \u201cDilemas del \u201925\u201d a cargo del presidente de @asacop.arg Federico Rey Lennon y la periodista pol\u00edtica Laura Romoli, compartimos ideas, miradas y preguntas sobre c\u00f3mo se construyen los discursos, c\u00f3mo se interpreta el poder y cu\u00e1l es el rol de la ciudadan\u00eda frente a lo que viene.<\/p>\n\n\n\n<p>Gracias a todos los que participaron y sumaron su presencia a este espacio abierto, plural y necesario.<\/p>\n\n\n\n<p><a href=\"https:\/\/www.facebook.com\/watch\/hashtag\/conversatoriocompol2025?__eep__=6%2F&amp;__cft__[0]=AZUB4LRDwsSkOZ4psKk9UR_yVfl3a6ihVjjZ20elhpspGm3k0yhcMAfL_iec0jW9SdEIseNtOYlLdp4SCqOMyGHOAdWbQuATdVTHdXss53bAnV9gOQfVva9QS_O0LfePv2rYm1spVsVPjTtKmrS9Ydj1Z5RBIX-B876Vw8KeLQ4jEzxq2N47IEp3stfoJ2ob1HU&amp;__tn__=K\" target=\"_blank\" rel=\"noreferrer noopener\">#conversatoriocompol2025<\/a><a href=\"https:\/\/www.facebook.com\/watch\/hashtag\/fphv?__eep__=6%2F&amp;__cft__[0]=AZUB4LRDwsSkOZ4psKk9UR_yVfl3a6ihVjjZ20elhpspGm3k0yhcMAfL_iec0jW9SdEIseNtOYlLdp4SCqOMyGHOAdWbQuATdVTHdXss53bAnV9gOQfVva9QS_O0LfePv2rYm1spVsVPjTtKmrS9Ydj1Z5RBIX-B876Vw8KeLQ4jEzxq2N47IEp3stfoJ2ob1HU&amp;__tn__=K\" target=\"_blank\" rel=\"noreferrer noopener\">#fphv<\/a><a href=\"https:\/\/www.facebook.com\/watch\/hashtag\/consultorespoliticos?__eep__=6%2F&amp;__cft__[0]=AZUB4LRDwsSkOZ4psKk9UR_yVfl3a6ihVjjZ20elhpspGm3k0yhcMAfL_iec0jW9SdEIseNtOYlLdp4SCqOMyGHOAdWbQuATdVTHdXss53bAnV9gOQfVva9QS_O0LfePv2rYm1spVsVPjTtKmrS9Ydj1Z5RBIX-B876Vw8KeLQ4jEzxq2N47IEp3stfoJ2ob1HU&amp;__tn__=K\" target=\"_blank\" rel=\"noreferrer noopener\">#consultorespoliticos<\/a><\/p>\n","protected":false},"excerpt":{"rendered":"<p>Este jueves vivimos en el Hotel Grand Brizo de La Plata la primera edici\u00f3n del Conversatorio COMPOL, una iniciativa del Instituto de Comunicaci\u00f3n Pol\u00edtica de la Fundaci\u00f3n Pro Humanae Vitae que reuni\u00f3 a estudiantes, profesionales, comunicadores, empresarios y actores sociales para reflexionar sobre los desaf\u00edos de la comunicaci\u00f3n pol\u00edtica en el escenario actual. Con una [&hellip;]<\/p>\n","protected":false},"author":5,"featured_media":1420,"comment_status":"closed","ping_status":"closed","sticky":false,"template":"","format":"standard","meta":{"footnotes":""},"categories":[1,2],"tags":[],"class_list":["post-1414","post","type-post","status-publish","format-standard","has-post-thumbnail","hentry","category-eventos","category-prensa"],"_links":{"self":[{"href":"https:\/\/fphv.org\/index.php?rest_route=\/wp\/v2\/posts\/1414","targetHints":{"allow":["GET"]}}],"collection":[{"href":"https:\/\/fphv.org\/index.php?rest_route=\/wp\/v2\/posts"}],"about":[{"href":"https:\/\/fphv.org\/index.php?rest_route=\/wp\/v2\/types\/post"}],"author":[{"embeddable":true,"href":"https:\/\/fphv.org\/index.php?rest_route=\/wp\/v2\/users\/5"}],"replies":[{"embeddable":true,"href":"https:\/\/fphv.org\/index.php?rest_route=%2Fwp%2Fv2%2Fcomments&post=1414"}],"version-history":[{"count":1,"href":"https:\/\/fphv.org\/index.php?rest_route=\/wp\/v2\/posts\/1414\/revisions"}],"predecessor-version":[{"id":1415,"href":"https:\/\/fphv.org\/index.php?rest_route=\/wp\/v2\/posts\/1414\/revisions\/1415"}],"wp:featuredmedia":[{"embeddable":true,"href":"https:\/\/fphv.org\/index.php?rest_route=\/wp\/v2\/media\/1420"}],"wp:attachment":[{"href":"https:\/\/fphv.org\/index.php?rest_route=%2Fwp%2Fv2%2Fmedia&parent=1414"}],"wp:term":[{"taxonomy":"category","embeddable":true,"href":"https:\/\/fphv.org\/index.php?rest_route=%2Fwp%2Fv2%2Fcategories&post=1414"},{"taxonomy":"post_tag","embeddable":true,"href":"https:\/\/fphv.org\/index.php?rest_route=%2Fwp%2Fv2%2Ftags&post=1414"}],"curies":[{"name":"wp","href":"https:\/\/api.w.org\/{rel}","templated":true}]}}