{"id":1412,"date":"2025-05-12T15:11:10","date_gmt":"2025-05-12T18:11:10","guid":{"rendered":"https:\/\/fphv.org\/?p=1412"},"modified":"2025-05-29T15:21:10","modified_gmt":"2025-05-29T18:21:10","slug":"cena-del-dirigente-aniversario-86-de-la-federacion-de-instituciones-culturales-y-deportivas-de-la-plata","status":"publish","type":"post","link":"https:\/\/fphv.org\/?p=1412","title":{"rendered":"Cena del dirigente &#8211; Aniversario 86\u00b0 de la Federaci\u00f3n de Instituciones Culturales y Deportivas de La Plata"},"content":{"rendered":"\n<p>El pasado viernes 9, acompa\u00f1amos en la celebraci\u00f3n del aniversario n\u00famero 86 de la @federacionlp que se llevo a cabo en el club Capital chica, donde estuvieron presentes figuras relevantes de la ciudad acompa\u00f1ando a la Federaci\u00f3n.<\/p>\n\n\n\n<p>Celebramos este aniversario de crecimiento y trabajo en conjunto que potencia el desarrollo de nuestra ciudad.<\/p>\n\n\n\n<p><\/p>\n","protected":false},"excerpt":{"rendered":"<p>El pasado viernes 9, acompa\u00f1amos en la celebraci\u00f3n del aniversario n\u00famero 86 de la @federacionlp que se llevo a cabo en el club Capital chica, donde estuvieron presentes figuras relevantes de la ciudad acompa\u00f1ando a la Federaci\u00f3n. Celebramos este aniversario de crecimiento y trabajo en conjunto que potencia el desarrollo de nuestra ciudad.<\/p>\n","protected":false},"author":5,"featured_media":1419,"comment_status":"closed","ping_status":"closed","sticky":false,"template":"","format":"standard","meta":{"footnotes":""},"categories":[1,2],"tags":[],"class_list":["post-1412","post","type-post","status-publish","format-standard","has-post-thumbnail","hentry","category-eventos","category-prensa"],"_links":{"self":[{"href":"https:\/\/fphv.org\/index.php?rest_route=\/wp\/v2\/posts\/1412","targetHints":{"allow":["GET"]}}],"collection":[{"href":"https:\/\/fphv.org\/index.php?rest_route=\/wp\/v2\/posts"}],"about":[{"href":"https:\/\/fphv.org\/index.php?rest_route=\/wp\/v2\/types\/post"}],"author":[{"embeddable":true,"href":"https:\/\/fphv.org\/index.php?rest_route=\/wp\/v2\/users\/5"}],"replies":[{"embeddable":true,"href":"https:\/\/fphv.org\/index.php?rest_route=%2Fwp%2Fv2%2Fcomments&post=1412"}],"version-history":[{"count":1,"href":"https:\/\/fphv.org\/index.php?rest_route=\/wp\/v2\/posts\/1412\/revisions"}],"predecessor-version":[{"id":1413,"href":"https:\/\/fphv.org\/index.php?rest_route=\/wp\/v2\/posts\/1412\/revisions\/1413"}],"wp:featuredmedia":[{"embeddable":true,"href":"https:\/\/fphv.org\/index.php?rest_route=\/wp\/v2\/media\/1419"}],"wp:attachment":[{"href":"https:\/\/fphv.org\/index.php?rest_route=%2Fwp%2Fv2%2Fmedia&parent=1412"}],"wp:term":[{"taxonomy":"category","embeddable":true,"href":"https:\/\/fphv.org\/index.php?rest_route=%2Fwp%2Fv2%2Fcategories&post=1412"},{"taxonomy":"post_tag","embeddable":true,"href":"https:\/\/fphv.org\/index.php?rest_route=%2Fwp%2Fv2%2Ftags&post=1412"}],"curies":[{"name":"wp","href":"https:\/\/api.w.org\/{rel}","templated":true}]}}