{"id":1402,"date":"2025-05-25T15:04:12","date_gmt":"2025-05-25T18:04:12","guid":{"rendered":"https:\/\/fphv.org\/?p=1402"},"modified":"2025-05-29T15:05:28","modified_gmt":"2025-05-29T18:05:28","slug":"25-de-mayo-dia-de-la-revolucion-de-mayo","status":"publish","type":"post","link":"https:\/\/fphv.org\/?p=1402","title":{"rendered":"25 de Mayo | D\u00eda de la Revoluci\u00f3n de Mayo"},"content":{"rendered":"\n<p>Hoy <a><\/a>celebramos un nuevo aniversario del comienzo del camino hacia nuestra independencia.<\/p>\n\n\n\n<p>Un d\u00eda para recordar el valor de la libertad, la participaci\u00f3n ciudadana y la construcci\u00f3n colectiva de nuestro futuro.<\/p>\n\n\n\n<p>Sigamos trabajando por una Argentina comprometida!!<\/p>\n\n\n\n<p>Feliz D\u00eda de la Patria!!<img decoding=\"async\" height=\"16\" width=\"16\" alt=\"\u2728\" src=\"https:\/\/static.xx.fbcdn.net\/images\/emoji.php\/v9\/tf4\/1\/16\/2728.png\"><\/p>\n\n\n\n<p><a href=\"https:\/\/www.facebook.com\/hashtag\/25demayo?__eep__=6&amp;__cft__[0]=AZXSMAAjoJBEQx6s3Lv7692BTMnz_WE9CCAMhugrhkFrhV8vo7Jga-rI1IW-mPfFMMszVXJiDSIRADcBq9PHPDnSGh1-eAZLbOnJO_TJJoetY5cXqnfzenP7k29bB8t5Xr1n6DSLCFqLRxA2Dbmejeta&amp;__tn__=*NK-R\">#25demayo<\/a><img decoding=\"async\" height=\"16\" width=\"16\" alt=\"\ud83c\udde6\ud83c\uddf7\" src=\"https:\/\/static.xx.fbcdn.net\/images\/emoji.php\/v9\/t48\/1\/16\/1f1e6_1f1f7.png\"><a href=\"https:\/\/www.facebook.com\/hashtag\/d%C3%ADadelapatriaargentina?__eep__=6&amp;__cft__[0]=AZXSMAAjoJBEQx6s3Lv7692BTMnz_WE9CCAMhugrhkFrhV8vo7Jga-rI1IW-mPfFMMszVXJiDSIRADcBq9PHPDnSGh1-eAZLbOnJO_TJJoetY5cXqnfzenP7k29bB8t5Xr1n6DSLCFqLRxA2Dbmejeta&amp;__tn__=*NK-R\">#d\u00edadelapatriaargentina<\/a><a href=\"https:\/\/www.facebook.com\/hashtag\/revoluciondemayo?__eep__=6&amp;__cft__[0]=AZXSMAAjoJBEQx6s3Lv7692BTMnz_WE9CCAMhugrhkFrhV8vo7Jga-rI1IW-mPfFMMszVXJiDSIRADcBq9PHPDnSGh1-eAZLbOnJO_TJJoetY5cXqnfzenP7k29bB8t5Xr1n6DSLCFqLRxA2Dbmejeta&amp;__tn__=*NK-R\">#revoluciondemayo<\/a><a href=\"https:\/\/www.facebook.com\/hashtag\/argentina?__eep__=6&amp;__cft__[0]=AZXSMAAjoJBEQx6s3Lv7692BTMnz_WE9CCAMhugrhkFrhV8vo7Jga-rI1IW-mPfFMMszVXJiDSIRADcBq9PHPDnSGh1-eAZLbOnJO_TJJoetY5cXqnfzenP7k29bB8t5Xr1n6DSLCFqLRxA2Dbmejeta&amp;__tn__=*NK-R\">#argentina<\/a><\/p>\n\n\n\n<p><a href=\"https:\/\/l.facebook.com\/l.php?u=https%3A%2F%2Fwww.instagram.com%2F_u%2Frafaelvelazquezarg%3Ffbclid%3DIwZXh0bgNhZW0CMTAAYnJpZBExb0RzeVdqdm1wa1F5bGxNUQEeMY2PCaBmg51k1Vg754G3Y5pGgakn7ZoABXf3A8s2X1YW6DE_JB2C_jG-_zc_aem_j8HJZTD02yam5K_poXsUSQ&amp;h=AT3jerhc-jfOn8DSGpdGMxAQhI0NTksUx_23nUSccTs2QOhtjpwzNcG2rco3Yg_7iJqAphoRWtPYwozbOezHohF9qRyeJKZsBjaMGKo2LRxsSY0-0h83VOq0IGmtyYcVIPve&amp;__tn__=-UK-R&amp;c[0]=AT1e1WD7vyEzdgpxIkBdO4iAaL-MZi_nE25pvpxNv9Jz_asHo9xQr0kkwrnTlzz8sAm_2AZhYBXYADIAtNaXQinGmvizkY5LxOhHnXWc2_MhydS2smifOHBbRCQOMRyquUvyqH8NAcv8HlKyuj7Ke6lqZ9EvYb2uS-rvrlv3BCMM\" rel=\"noreferrer noopener\" target=\"_blank\">@rafaelvelazquezarg<\/a><\/p>\n","protected":false},"excerpt":{"rendered":"<p>Hoy celebramos un nuevo aniversario del comienzo del camino hacia nuestra independencia. Un d\u00eda para recordar el valor de la libertad, la participaci\u00f3n ciudadana y la construcci\u00f3n colectiva de nuestro futuro. Sigamos trabajando por una Argentina comprometida!! Feliz D\u00eda de la Patria!! #25demayo#d\u00edadelapatriaargentina#revoluciondemayo#argentina @rafaelvelazquezarg<\/p>\n","protected":false},"author":5,"featured_media":1403,"comment_status":"closed","ping_status":"closed","sticky":false,"template":"","format":"standard","meta":{"footnotes":""},"categories":[2],"tags":[],"class_list":["post-1402","post","type-post","status-publish","format-standard","has-post-thumbnail","hentry","category-prensa"],"_links":{"self":[{"href":"https:\/\/fphv.org\/index.php?rest_route=\/wp\/v2\/posts\/1402","targetHints":{"allow":["GET"]}}],"collection":[{"href":"https:\/\/fphv.org\/index.php?rest_route=\/wp\/v2\/posts"}],"about":[{"href":"https:\/\/fphv.org\/index.php?rest_route=\/wp\/v2\/types\/post"}],"author":[{"embeddable":true,"href":"https:\/\/fphv.org\/index.php?rest_route=\/wp\/v2\/users\/5"}],"replies":[{"embeddable":true,"href":"https:\/\/fphv.org\/index.php?rest_route=%2Fwp%2Fv2%2Fcomments&post=1402"}],"version-history":[{"count":1,"href":"https:\/\/fphv.org\/index.php?rest_route=\/wp\/v2\/posts\/1402\/revisions"}],"predecessor-version":[{"id":1404,"href":"https:\/\/fphv.org\/index.php?rest_route=\/wp\/v2\/posts\/1402\/revisions\/1404"}],"wp:featuredmedia":[{"embeddable":true,"href":"https:\/\/fphv.org\/index.php?rest_route=\/wp\/v2\/media\/1403"}],"wp:attachment":[{"href":"https:\/\/fphv.org\/index.php?rest_route=%2Fwp%2Fv2%2Fmedia&parent=1402"}],"wp:term":[{"taxonomy":"category","embeddable":true,"href":"https:\/\/fphv.org\/index.php?rest_route=%2Fwp%2Fv2%2Fcategories&post=1402"},{"taxonomy":"post_tag","embeddable":true,"href":"https:\/\/fphv.org\/index.php?rest_route=%2Fwp%2Fv2%2Ftags&post=1402"}],"curies":[{"name":"wp","href":"https:\/\/api.w.org\/{rel}","templated":true}]}}