{"id":1396,"date":"2025-05-22T15:01:48","date_gmt":"2025-05-22T18:01:48","guid":{"rendered":"https:\/\/fphv.org\/?p=1396"},"modified":"2025-05-29T15:02:36","modified_gmt":"2025-05-29T18:02:36","slug":"conversatorio-compol-que-paso-en-caba","status":"publish","type":"post","link":"https:\/\/fphv.org\/?p=1396","title":{"rendered":"Conversatorio ComPol: \u00bfQu\u00e9 pas\u00f3 en CABA?"},"content":{"rendered":"\n<p>Te esperamos el jueves 5 de junio a las 18 hs, el reconocido consultor pol\u00edtico Carlos Fara llega a La Plata para analizar el escenario porte\u00f1o post elecciones y los dilemas del sistema pol\u00edtico actual.<\/p>\n\n\n\n<p><img decoding=\"async\" height=\"16\" width=\"16\" alt=\"\ud83d\udccd\" src=\"https:\/\/static.xx.fbcdn.net\/images\/emoji.php\/v9\/t2d\/1\/16\/1f4cd.png\"> Hotel Grand Brizo \u2013 Sal\u00f3n Ren\u00e9 Favaloro<\/p>\n\n\n\n<p><img decoding=\"async\" height=\"16\" width=\"16\" alt=\"\ud83c\udf99\ufe0f\" src=\"https:\/\/static.xx.fbcdn.net\/images\/emoji.php\/v9\/t2b\/1\/16\/1f399.png\"> Entrada libre y gratuita con inscripci\u00f3n previa:<\/p>\n\n\n\n<p><img decoding=\"async\" height=\"16\" width=\"16\" alt=\"\ud83d\udc49\" src=\"https:\/\/static.xx.fbcdn.net\/images\/emoji.php\/v9\/t51\/1\/16\/1f449.png\"><a href=\"https:\/\/l.facebook.com\/l.php?u=https%3A%2F%2Fbit.ly%2FCOMPOLFPHV-FARA%3Ffbclid%3DIwZXh0bgNhZW0CMTAAYnJpZBExb0RzeVdqdm1wa1F5bGxNUQEe-NPAsGHSaKcnkkvIwdArcSZpvxTfdTgQcvATzGvZKciykNac57b07yxgxGs_aem_asNSqNz-ya0N1uaRmie8lw&amp;h=AT2caKIYnO4GiGqIkIy0FPj1hjN6ttIu2P0Iim2_fvuG5_aRNxa1PK_fixSim3BY4pdIWfzeBs-B_ltvf5CpQhULaiGKzKqFotFe0mswgbJizw7LpTf1ZS8nlXowFNEeHH8N6-OsSPGdydbu&amp;__tn__=-UK-R&amp;c[0]=AT3SIbePoF1LVKAzL93J_94rYa15uwTywENiMyn-nOj-hnxZDVAGZpcIXssO4YevU3yfp3ytFwIXjAi63hMZkzjSsOR-5BrrMb29wysOaVLrBb8fsCgaKQ_WGqTHAjv-qGi3LgRnS8zb9vE1rPL0TRZ642kUmM4ixrW-25T5Tn8v\" rel=\"noreferrer noopener\" target=\"_blank\">bit.ly\/COMPOLFPHV-FARA<\/a><\/p>\n\n\n\n<p>Un espacio para pensar la comunicaci\u00f3n pol\u00edtica con mirada estrat\u00e9gica y ciudadana.<\/p>\n\n\n\n<p>M\u00e1s informaci\u00f3n para mejores decisiones!<\/p>\n\n\n\n<p><a href=\"https:\/\/www.facebook.com\/hashtag\/conversatoriocompol2025?__eep__=6&amp;__cft__[0]=AZU-0uRqE7ncvQyAuNAjB8tbi1al6hFQve7mZT2ngjeo-A6Njj8PJNg54fX9AHmjM5njZ-Wd3XLg8I1XQ82U_Mkl87GOBXcOIqixkJ0y7OXKK-rff8gLZ0elp1HIhXRaouFhKMjT85JffgV4o0eer46Z&amp;__tn__=*NK-R\">#conversatoriocompol2025<\/a><a href=\"https:\/\/www.facebook.com\/hashtag\/carlosfara?__eep__=6&amp;__cft__[0]=AZU-0uRqE7ncvQyAuNAjB8tbi1al6hFQve7mZT2ngjeo-A6Njj8PJNg54fX9AHmjM5njZ-Wd3XLg8I1XQ82U_Mkl87GOBXcOIqixkJ0y7OXKK-rff8gLZ0elp1HIhXRaouFhKMjT85JffgV4o0eer46Z&amp;__tn__=*NK-R\">#carlosfara<\/a><a href=\"https:\/\/www.facebook.com\/hashtag\/fphv?__eep__=6&amp;__cft__[0]=AZU-0uRqE7ncvQyAuNAjB8tbi1al6hFQve7mZT2ngjeo-A6Njj8PJNg54fX9AHmjM5njZ-Wd3XLg8I1XQ82U_Mkl87GOBXcOIqixkJ0y7OXKK-rff8gLZ0elp1HIhXRaouFhKMjT85JffgV4o0eer46Z&amp;__tn__=*NK-R\">#fphv<\/a><a href=\"https:\/\/www.facebook.com\/hashtag\/comunicaci%C3%B3npol%C3%ADtica?__eep__=6&amp;__cft__[0]=AZU-0uRqE7ncvQyAuNAjB8tbi1al6hFQve7mZT2ngjeo-A6Njj8PJNg54fX9AHmjM5njZ-Wd3XLg8I1XQ82U_Mkl87GOBXcOIqixkJ0y7OXKK-rff8gLZ0elp1HIhXRaouFhKMjT85JffgV4o0eer46Z&amp;__tn__=*NK-R\">#comunicaci\u00f3npol\u00edtica<\/a><a href=\"https:\/\/www.facebook.com\/hashtag\/laplata?__eep__=6&amp;__cft__[0]=AZU-0uRqE7ncvQyAuNAjB8tbi1al6hFQve7mZT2ngjeo-A6Njj8PJNg54fX9AHmjM5njZ-Wd3XLg8I1XQ82U_Mkl87GOBXcOIqixkJ0y7OXKK-rff8gLZ0elp1HIhXRaouFhKMjT85JffgV4o0eer46Z&amp;__tn__=*NK-R\">#laplata<\/a><a href=\"https:\/\/www.facebook.com\/hashtag\/eleccionescaba?__eep__=6&amp;__cft__[0]=AZU-0uRqE7ncvQyAuNAjB8tbi1al6hFQve7mZT2ngjeo-A6Njj8PJNg54fX9AHmjM5njZ-Wd3XLg8I1XQ82U_Mkl87GOBXcOIqixkJ0y7OXKK-rff8gLZ0elp1HIhXRaouFhKMjT85JffgV4o0eer46Z&amp;__tn__=*NK-R\">#eleccionescaba<\/a><a href=\"https:\/\/www.facebook.com\/hashtag\/an%C3%A1lisispol%C3%ADtico?__eep__=6&amp;__cft__[0]=AZU-0uRqE7ncvQyAuNAjB8tbi1al6hFQve7mZT2ngjeo-A6Njj8PJNg54fX9AHmjM5njZ-Wd3XLg8I1XQ82U_Mkl87GOBXcOIqixkJ0y7OXKK-rff8gLZ0elp1HIhXRaouFhKMjT85JffgV4o0eer46Z&amp;__tn__=*NK-R\">#an\u00e1lisispol\u00edtico<\/a><a href=\"https:\/\/www.facebook.com\/hashtag\/formaci%C3%B3nciudadana?__eep__=6&amp;__cft__[0]=AZU-0uRqE7ncvQyAuNAjB8tbi1al6hFQve7mZT2ngjeo-A6Njj8PJNg54fX9AHmjM5njZ-Wd3XLg8I1XQ82U_Mkl87GOBXcOIqixkJ0y7OXKK-rff8gLZ0elp1HIhXRaouFhKMjT85JffgV4o0eer46Z&amp;__tn__=*NK-R\">#formaci\u00f3nciudadana<\/a><\/p>\n","protected":false},"excerpt":{"rendered":"<p>Te esperamos el jueves 5 de junio a las 18 hs, el reconocido consultor pol\u00edtico Carlos Fara llega a La Plata para analizar el escenario porte\u00f1o post elecciones y los dilemas del sistema pol\u00edtico actual. Hotel Grand Brizo \u2013 Sal\u00f3n Ren\u00e9 Favaloro Entrada libre y gratuita con inscripci\u00f3n previa: bit.ly\/COMPOLFPHV-FARA Un espacio para pensar la [&hellip;]<\/p>\n","protected":false},"author":5,"featured_media":1397,"comment_status":"closed","ping_status":"closed","sticky":false,"template":"","format":"standard","meta":{"footnotes":""},"categories":[1],"tags":[],"class_list":["post-1396","post","type-post","status-publish","format-standard","has-post-thumbnail","hentry","category-eventos"],"_links":{"self":[{"href":"https:\/\/fphv.org\/index.php?rest_route=\/wp\/v2\/posts\/1396","targetHints":{"allow":["GET"]}}],"collection":[{"href":"https:\/\/fphv.org\/index.php?rest_route=\/wp\/v2\/posts"}],"about":[{"href":"https:\/\/fphv.org\/index.php?rest_route=\/wp\/v2\/types\/post"}],"author":[{"embeddable":true,"href":"https:\/\/fphv.org\/index.php?rest_route=\/wp\/v2\/users\/5"}],"replies":[{"embeddable":true,"href":"https:\/\/fphv.org\/index.php?rest_route=%2Fwp%2Fv2%2Fcomments&post=1396"}],"version-history":[{"count":1,"href":"https:\/\/fphv.org\/index.php?rest_route=\/wp\/v2\/posts\/1396\/revisions"}],"predecessor-version":[{"id":1398,"href":"https:\/\/fphv.org\/index.php?rest_route=\/wp\/v2\/posts\/1396\/revisions\/1398"}],"wp:featuredmedia":[{"embeddable":true,"href":"https:\/\/fphv.org\/index.php?rest_route=\/wp\/v2\/media\/1397"}],"wp:attachment":[{"href":"https:\/\/fphv.org\/index.php?rest_route=%2Fwp%2Fv2%2Fmedia&parent=1396"}],"wp:term":[{"taxonomy":"category","embeddable":true,"href":"https:\/\/fphv.org\/index.php?rest_route=%2Fwp%2Fv2%2Fcategories&post=1396"},{"taxonomy":"post_tag","embeddable":true,"href":"https:\/\/fphv.org\/index.php?rest_route=%2Fwp%2Fv2%2Ftags&post=1396"}],"curies":[{"name":"wp","href":"https:\/\/api.w.org\/{rel}","templated":true}]}}