{"id":1393,"date":"2025-05-21T14:47:53","date_gmt":"2025-05-21T17:47:53","guid":{"rendered":"https:\/\/fphv.org\/?p=1393"},"modified":"2025-05-29T15:01:36","modified_gmt":"2025-05-29T18:01:36","slug":"vuelve-tardes-platenses-de-te-2","status":"publish","type":"post","link":"https:\/\/fphv.org\/?p=1393","title":{"rendered":"VUELVE! TARDES PLATENSES DE T\u00c9"},"content":{"rendered":"\n<p>Te invitamos a una nueva edici\u00f3n de <a href=\"https:\/\/www.instagram.com\/_u\/tardesplatensesdetefphv?fbclid=IwZXh0bgNhZW0CMTAAYnJpZBExb0RzeVdqdm1wa1F5bGxNUQEe-NPAsGHSaKcnkkvIwdArcSZpvxTfdTgQcvATzGvZKciykNac57b07yxgxGs_aem_asNSqNz-ya0N1uaRmie8lw\" rel=\"noreferrer noopener\" target=\"_blank\">@tardesplatensesdetefphv<\/a> , programa de Econom\u00eda Social de la FPHV que genera trabajo para emprendedoras platenses.<\/p>\n\n\n\n<p>Este jueves 29 de mayo en <a href=\"https:\/\/www.instagram.com\/_u\/catedralrestocafe?fbclid=IwZXh0bgNhZW0CMTAAYnJpZBExb0RzeVdqdm1wa1F5bGxNUQEe4vGuUTFcHZZvU5LkPa9eVoDIm-TvDTS4vbA2tQSi--DCNmuLYlE29Qybs_g_aem_kEyxYkvuwR8tTUbiY0izoQ\" rel=\"noreferrer noopener\" target=\"_blank\">@catedralrestocafe<\/a> (10 y 51) se podr\u00e1 degustar variedades de t\u00e9, deliciosos postres y comidas, ademas de disfrutar de m\u00fasica en vivo.<\/p>\n\n\n\n<p><img decoding=\"async\" height=\"16\" width=\"16\" alt=\"\ud83d\uddd3\ufe0f\" src=\"https:\/\/static.xx.fbcdn.net\/images\/emoji.php\/v9\/t5c\/1\/16\/1f5d3.png\">&nbsp;Jueves 29 de mayo<\/p>\n\n\n\n<p><img decoding=\"async\" height=\"16\" width=\"16\" alt=\"\ud83d\udd60\" src=\"https:\/\/static.xx.fbcdn.net\/images\/emoji.php\/v9\/t47\/1\/16\/1f560.png\">&nbsp;16:30 hs<\/p>\n\n\n\n<p><img decoding=\"async\" height=\"16\" width=\"16\" alt=\"\ud83d\udccd\" src=\"https:\/\/static.xx.fbcdn.net\/images\/emoji.php\/v9\/t2d\/1\/16\/1f4cd.png\">&nbsp;Resto &amp; Cafe Catedral (10 y 51)<\/p>\n\n\n\n<p><img loading=\"lazy\" decoding=\"async\" height=\"16\" width=\"16\" alt=\"\ud83c\udf9f\ufe0f\" src=\"https:\/\/static.xx.fbcdn.net\/images\/emoji.php\/v9\/td8\/1\/16\/1f39f.png\">&nbsp;Valor de la tarjeta 14 mil. Para reservar comunicarse al 221 508-1827<\/p>\n\n\n\n<p><a href=\"https:\/\/l.facebook.com\/l.php?u=https%3A%2F%2Fwww.instagram.com%2F_u%2Fgracielafloasanchez%3Ffbclid%3DIwZXh0bgNhZW0CMTAAYnJpZBExb0RzeVdqdm1wa1F5bGxNUQEesVJtnAhOjRRN7LWPA0dZe1lMY5XH_T6i_hPsFYJdtiVy98InHpvSEVfLGj4_aem_cm_37T0c5sqFAUAey0sB_Q&amp;h=AT31LtmGCCoRz9S5uJklr2at9_mIYgmfN-IOLseyViXJ-tWukQJcmfArxqPb3KsYfQFldjh9tTUxrwZ6fB9w5gKv42op8dXEDrbRQUQr247XVYvACnWrWMMUe1oiVonyvmbF&amp;__tn__=-UK-R&amp;c[0]=AT3cZkAy0eohHoXR7xU96awNT9gWTrEIyFUocQH4kPg9HGKQjvEIhoa5WUmGpLv-LG2I_3kAhp6h1tpNxXnN3bZQH90Ah_IisreYKjoIjaPEWaWp7T8me9q78yHHyMI2JwaXBrw7fvMN38pOsIvHIyO0nA0YtNjQT7guMBTSo7ZoufEV9YpINjqNd_e3DuAgT-ZyrCc_QlZjmcv0YPfPJxt-xeM\" rel=\"noreferrer noopener\" target=\"_blank\">@gracielafloasanchez<\/a><\/p>\n\n\n\n<p><a href=\"https:\/\/www.facebook.com\/hashtag\/fphv?__eep__=6&amp;__cft__[0]=AZV7sUhwwU62WgHXfK9Z68F19p0O8FQnEqijfew6BTLnUtvSQIKduupuAb4BV6hzsdPf4JyTWQ4__vEsojZWGt_ExMuB5ZGzHuT_WNbZs5YIVPPl8c2ocYM-BPtQoL90wgvo36HE3iPNshwtdpSdbNc06LbjhBC1mleEkI3AbyXiyPTTsPsXzvX6q9sMC_YT4X8&amp;__tn__=*NK-R\">#fphv<\/a><a href=\"https:\/\/www.facebook.com\/hashtag\/tardesplatensesdete?__eep__=6&amp;__cft__[0]=AZV7sUhwwU62WgHXfK9Z68F19p0O8FQnEqijfew6BTLnUtvSQIKduupuAb4BV6hzsdPf4JyTWQ4__vEsojZWGt_ExMuB5ZGzHuT_WNbZs5YIVPPl8c2ocYM-BPtQoL90wgvo36HE3iPNshwtdpSdbNc06LbjhBC1mleEkI3AbyXiyPTTsPsXzvX6q9sMC_YT4X8&amp;__tn__=*NK-R\">#tardesplatensesdete<\/a><a href=\"https:\/\/www.facebook.com\/hashtag\/economiasocial?__eep__=6&amp;__cft__[0]=AZV7sUhwwU62WgHXfK9Z68F19p0O8FQnEqijfew6BTLnUtvSQIKduupuAb4BV6hzsdPf4JyTWQ4__vEsojZWGt_ExMuB5ZGzHuT_WNbZs5YIVPPl8c2ocYM-BPtQoL90wgvo36HE3iPNshwtdpSdbNc06LbjhBC1mleEkI3AbyXiyPTTsPsXzvX6q9sMC_YT4X8&amp;__tn__=*NK-R\">#economiasocial<\/a><\/p>\n","protected":false},"excerpt":{"rendered":"<p>Te invitamos a una nueva edici\u00f3n de @tardesplatensesdetefphv , programa de Econom\u00eda Social de la FPHV que genera trabajo para emprendedoras platenses. Este jueves 29 de mayo en @catedralrestocafe (10 y 51) se podr\u00e1 degustar variedades de t\u00e9, deliciosos postres y comidas, ademas de disfrutar de m\u00fasica en vivo. &nbsp;Jueves 29 de mayo &nbsp;16:30 hs [&hellip;]<\/p>\n","protected":false},"author":5,"featured_media":1394,"comment_status":"closed","ping_status":"closed","sticky":false,"template":"","format":"standard","meta":{"footnotes":""},"categories":[1],"tags":[],"class_list":["post-1393","post","type-post","status-publish","format-standard","has-post-thumbnail","hentry","category-eventos"],"_links":{"self":[{"href":"https:\/\/fphv.org\/index.php?rest_route=\/wp\/v2\/posts\/1393","targetHints":{"allow":["GET"]}}],"collection":[{"href":"https:\/\/fphv.org\/index.php?rest_route=\/wp\/v2\/posts"}],"about":[{"href":"https:\/\/fphv.org\/index.php?rest_route=\/wp\/v2\/types\/post"}],"author":[{"embeddable":true,"href":"https:\/\/fphv.org\/index.php?rest_route=\/wp\/v2\/users\/5"}],"replies":[{"embeddable":true,"href":"https:\/\/fphv.org\/index.php?rest_route=%2Fwp%2Fv2%2Fcomments&post=1393"}],"version-history":[{"count":1,"href":"https:\/\/fphv.org\/index.php?rest_route=\/wp\/v2\/posts\/1393\/revisions"}],"predecessor-version":[{"id":1395,"href":"https:\/\/fphv.org\/index.php?rest_route=\/wp\/v2\/posts\/1393\/revisions\/1395"}],"wp:featuredmedia":[{"embeddable":true,"href":"https:\/\/fphv.org\/index.php?rest_route=\/wp\/v2\/media\/1394"}],"wp:attachment":[{"href":"https:\/\/fphv.org\/index.php?rest_route=%2Fwp%2Fv2%2Fmedia&parent=1393"}],"wp:term":[{"taxonomy":"category","embeddable":true,"href":"https:\/\/fphv.org\/index.php?rest_route=%2Fwp%2Fv2%2Fcategories&post=1393"},{"taxonomy":"post_tag","embeddable":true,"href":"https:\/\/fphv.org\/index.php?rest_route=%2Fwp%2Fv2%2Ftags&post=1393"}],"curies":[{"name":"wp","href":"https:\/\/api.w.org\/{rel}","templated":true}]}}