{"id":1389,"date":"2025-05-10T14:36:41","date_gmt":"2025-05-10T17:36:41","guid":{"rendered":"https:\/\/fphv.org\/?p=1389"},"modified":"2025-05-29T14:38:03","modified_gmt":"2025-05-29T17:38:03","slug":"conversatorio-compol-inicia-un-nuevo-espacio-de-pensamiento-critico-y-comunicacion-politica-2","status":"publish","type":"post","link":"https:\/\/fphv.org\/?p=1389","title":{"rendered":"Conversatorio COMPOL: Inicia un nuevo espacio de pensamiento cr\u00edtico y comunicaci\u00f3n pol\u00edtica"},"content":{"rendered":"\n<p>El <a><\/a>Instituto de Comunicaci\u00f3n Pol\u00edtica de la Fundaci\u00f3n Pro Humanae Vitae junto a la Asociaci\u00f3n Argentina de Consultores Pol\u00edticos (ASACOP) y La Asociaci\u00f3n Civil Estudios Populares (ACEP), lanzan el Conversatorio COMPOL, un ciclo mensual de encuentros abiertos y gratuitos que re\u00fane a referentes influyentes del mundo de la comunicaci\u00f3n pol\u00edtica para reflexionar, debatir y construir ciudadan\u00eda informada.<\/p>\n\n\n\n<p><img decoding=\"async\" height=\"16\" width=\"16\" alt=\"\ud83d\udccd\" src=\"https:\/\/static.xx.fbcdn.net\/images\/emoji.php\/v9\/t2d\/1\/16\/1f4cd.png\"> En esta primera edici\u00f3n, titulada \u201cDilemas del \u201825\u201d, contaremos con la participaci\u00f3n del Doctor en comunicaci\u00f3n y presidente de ASACOP Federico Rey Lennon junto a Laura Romoli periodista de la secci\u00f3n pol\u00edtica del Diario El D\u00eda, quienes abordar\u00e1n los desaf\u00edos comunicacionales del escenario pol\u00edtico argentino actual.<\/p>\n\n\n\n<p><img decoding=\"async\" height=\"16\" width=\"16\" alt=\"\ud83d\uddd3\" src=\"https:\/\/static.xx.fbcdn.net\/images\/emoji.php\/v9\/t5c\/1\/16\/1f5d3.png\"> Jueves 15 de mayo<\/p>\n\n\n\n<p><img decoding=\"async\" height=\"16\" width=\"16\" alt=\"\ud83d\udd61\" src=\"https:\/\/static.xx.fbcdn.net\/images\/emoji.php\/v9\/tc8\/1\/16\/1f561.png\"> 18 horas<\/p>\n\n\n\n<p><img loading=\"lazy\" decoding=\"async\" height=\"16\" width=\"16\" alt=\"\ud83d\udccc\" src=\"https:\/\/static.xx.fbcdn.net\/images\/emoji.php\/v9\/tac\/1\/16\/1f4cc.png\"> Sal\u00f3n Ren\u00e9 Favaloro del Hotel Grand Brizo (La Plata)<\/p>\n\n\n\n<p>Porque en tiempos de elecciones, la comunicaci\u00f3n pol\u00edtica no solo construye discursos, sino que forma opini\u00f3n, proyecta futuros posibles y fortalece la democracia.<\/p>\n\n\n\n<p>M\u00e1s informaci\u00f3n para mejores decisiones<img loading=\"lazy\" decoding=\"async\" height=\"16\" width=\"16\" alt=\"\u2757\ufe0f\" src=\"https:\/\/static.xx.fbcdn.net\/images\/emoji.php\/v9\/t50\/1\/16\/2757.png\"><\/p>\n\n\n\n<p><img loading=\"lazy\" decoding=\"async\" height=\"16\" width=\"16\" alt=\"\ud83d\udc49\" src=\"https:\/\/static.xx.fbcdn.net\/images\/emoji.php\/v9\/t51\/1\/16\/1f449.png\">&nbsp;ACTIVIDAD GRATUITA CON INSCRIPCI\u00d3N PREVIA EN: <a href=\"https:\/\/l.facebook.com\/l.php?u=https%3A%2F%2FBit.ly%2FConversatorioCOMPOL%3Ffbclid%3DIwZXh0bgNhZW0CMTAAYnJpZBExb0RzeVdqdm1wa1F5bGxNUQEe4vGuUTFcHZZvU5LkPa9eVoDIm-TvDTS4vbA2tQSi--DCNmuLYlE29Qybs_g_aem_kEyxYkvuwR8tTUbiY0izoQ&amp;h=AT0YznrZGszP2Ke7jChy6PCEJ8jVuZvYqRWZOVePRliAVh6ku70TZoJDZ2b-fYc7HTJp2MSCTUXjTMIo1WqcsZ4HsCv07YqEY3oSlDOT2QtyaSjgDvU1gS3WHvJHyyDzhYBJCOLFIEX9vpya&amp;__tn__=-UK-R&amp;c[0]=AT1dmRCln8sFP9xf0-kSH_B1wWuyx3gO2qA4ZCGgH-CkURfE7sAV-_gjKnCa6R0LXrUEXjjuMJOF3Dmmr118sVWP_Sjh3xPg7-eKoIccCw2bv3aglklXGW7ipx_Ijf1WwSB2LjwIOxXCDa_XKeMVwX35FXUv3-R3OS5Apt3r8vmO\" rel=\"noreferrer noopener\" target=\"_blank\">Bit.ly\/ConversatorioCOMPOL<\/a><\/p>\n","protected":false},"excerpt":{"rendered":"<p>El Instituto de Comunicaci\u00f3n Pol\u00edtica de la Fundaci\u00f3n Pro Humanae Vitae junto a la Asociaci\u00f3n Argentina de Consultores Pol\u00edticos (ASACOP) y La Asociaci\u00f3n Civil Estudios Populares (ACEP), lanzan el Conversatorio COMPOL, un ciclo mensual de encuentros abiertos y gratuitos que re\u00fane a referentes influyentes del mundo de la comunicaci\u00f3n pol\u00edtica para reflexionar, debatir y construir [&hellip;]<\/p>\n","protected":false},"author":5,"featured_media":1390,"comment_status":"closed","ping_status":"closed","sticky":false,"template":"","format":"standard","meta":{"footnotes":""},"categories":[1],"tags":[],"class_list":["post-1389","post","type-post","status-publish","format-standard","has-post-thumbnail","hentry","category-eventos"],"_links":{"self":[{"href":"https:\/\/fphv.org\/index.php?rest_route=\/wp\/v2\/posts\/1389","targetHints":{"allow":["GET"]}}],"collection":[{"href":"https:\/\/fphv.org\/index.php?rest_route=\/wp\/v2\/posts"}],"about":[{"href":"https:\/\/fphv.org\/index.php?rest_route=\/wp\/v2\/types\/post"}],"author":[{"embeddable":true,"href":"https:\/\/fphv.org\/index.php?rest_route=\/wp\/v2\/users\/5"}],"replies":[{"embeddable":true,"href":"https:\/\/fphv.org\/index.php?rest_route=%2Fwp%2Fv2%2Fcomments&post=1389"}],"version-history":[{"count":1,"href":"https:\/\/fphv.org\/index.php?rest_route=\/wp\/v2\/posts\/1389\/revisions"}],"predecessor-version":[{"id":1391,"href":"https:\/\/fphv.org\/index.php?rest_route=\/wp\/v2\/posts\/1389\/revisions\/1391"}],"wp:featuredmedia":[{"embeddable":true,"href":"https:\/\/fphv.org\/index.php?rest_route=\/wp\/v2\/media\/1390"}],"wp:attachment":[{"href":"https:\/\/fphv.org\/index.php?rest_route=%2Fwp%2Fv2%2Fmedia&parent=1389"}],"wp:term":[{"taxonomy":"category","embeddable":true,"href":"https:\/\/fphv.org\/index.php?rest_route=%2Fwp%2Fv2%2Fcategories&post=1389"},{"taxonomy":"post_tag","embeddable":true,"href":"https:\/\/fphv.org\/index.php?rest_route=%2Fwp%2Fv2%2Ftags&post=1389"}],"curies":[{"name":"wp","href":"https:\/\/api.w.org\/{rel}","templated":true}]}}