{"id":1383,"date":"2025-05-07T14:33:15","date_gmt":"2025-05-07T17:33:15","guid":{"rendered":"https:\/\/fphv.org\/?p=1383"},"modified":"2025-05-29T14:34:40","modified_gmt":"2025-05-29T17:34:40","slug":"programa-de-formacion-para-dirigentes-de-osc-2","status":"publish","type":"post","link":"https:\/\/fphv.org\/?p=1383","title":{"rendered":"Programa de Formaci\u00f3n para Dirigentes de OSC."},"content":{"rendered":"\n<p>Desde el <a href=\"https:\/\/www.instagram.com\/_u\/forosectorsocial?fbclid=IwZXh0bgNhZW0CMTAAYnJpZBExb0RzeVdqdm1wa1F5bGxNUQEe7WOlKaRC-mr935rgRm3VekiHICDBtXnANFnbcXWPUmWIlyi-JauvIrYWrHU_aem_N1ZBcZcVP8ZBLw0MjQqsrg\" rel=\"noreferrer noopener\" target=\"_blank\">@forosectorsocial<\/a>, junto a @pulso y la <a href=\"https:\/\/www.instagram.com\/_u\/extension.fce.unlp?fbclid=IwZXh0bgNhZW0CMTAAYnJpZBExb0RzeVdqdm1wa1F5bGxNUQEe3AHRf0dOZtYFxvhq_jLs_4ymIaETq2Dq_3aIi9Z97Y9qbK3NvJ1jd5B4v00_aem_DhZZyaKsTdWY_BvXQo6KVQ\" rel=\"noreferrer noopener\" target=\"_blank\">@extension.fce.unlp<\/a>, te invitamos a participar del pr\u00f3ximo encuentro.<\/p>\n\n\n\n<p><img decoding=\"async\" height=\"16\" width=\"16\" alt=\"\ud83d\uddd3\ufe0f\" src=\"https:\/\/static.xx.fbcdn.net\/images\/emoji.php\/v9\/t5c\/1\/16\/1f5d3.png\"> Mi\u00e9rcoles 14 de mayo | 18:00 hs<\/p>\n\n\n\n<p><img decoding=\"async\" height=\"16\" width=\"16\" alt=\"\ud83d\udccc\" src=\"https:\/\/static.xx.fbcdn.net\/images\/emoji.php\/v9\/tac\/1\/16\/1f4cc.png\"> Clase 1: Diagn\u00f3stico estrat\u00e9gico<\/p>\n\n\n\n<p><img decoding=\"async\" height=\"16\" width=\"16\" alt=\"\ud83c\udf99\ufe0f\" src=\"https:\/\/static.xx.fbcdn.net\/images\/emoji.php\/v9\/t2b\/1\/16\/1f399.png\"> A cargo de la Prof. Silvia Rossi \u2013 FCE UNLP<\/p>\n\n\n\n<p>Una propuesta para quienes lideran organizaciones sociales y buscan herramientas concretas para fortalecer su gesti\u00f3n y planificar con visi\u00f3n de futuro.<\/p>\n\n\n\n<p><img loading=\"lazy\" decoding=\"async\" height=\"16\" width=\"16\" alt=\"\ud83d\udd17\" src=\"https:\/\/static.xx.fbcdn.net\/images\/emoji.php\/v9\/tb3\/1\/16\/1f517.png\"> Sumate a trav\u00e9s del link en nuestra bio<\/p>\n\n\n\n<p><img loading=\"lazy\" decoding=\"async\" height=\"16\" width=\"16\" alt=\"\ud83d\udcdc\" src=\"https:\/\/static.xx.fbcdn.net\/images\/emoji.php\/v9\/t4b\/1\/16\/1f4dc.png\"> Se entrega certificado de asistencia<\/p>\n\n\n\n<p><a href=\"https:\/\/l.facebook.com\/l.php?u=https%3A%2F%2Fwww.instagram.com%2F_u%2Frafaelvelazquezarg%3Ffbclid%3DIwZXh0bgNhZW0CMTAAYnJpZBExb0RzeVdqdm1wa1F5bGxNUQEezxIW6z3v0XpMcXD-Tb1crABg1Lma9XLVX6lVnBUmlx7PKuO7N-ckNJ1L0ic_aem_mBzmGHnUrUwaQJWPXaRIrw&amp;h=AT3t_9SGcGm8dqa4IAqFyYxo2hMPM8RyTSiVuXjjguowEqHHYBOM9v68TnxTqp3hVJ3HBFw7Je96aGCdiGYnhhaOon2Xr3c1yWVB-EenIPya4tKH69f1QQTbN_qvsI7I1O0a&amp;__tn__=-UK-R&amp;c[0]=AT06z8TKxbDMM8p4uR4cvkO7H4R8AP3PFHuaDK4JMOv1aL_pwAsjc_lA7zFbj111q1cu0wjWRLKvEJXd1Ikyov6kbqZaHhC5CDbsBAQ2CP3S2osCVJU4Q070nT-wjUs_Ud5cjWLtCDlyKigbHcGpv5mWTffOPZNPCXzGvalV1Wac\" rel=\"noreferrer noopener\" target=\"_blank\">@rafaelvelazquezarg<\/a><\/p>\n\n\n\n<p><a href=\"https:\/\/www.facebook.com\/hashtag\/formaci%C3%B3nosc?__eep__=6&amp;__cft__[0]=AZXPW8QkXI809Ix30_cvuh5pBngk4slNuzs2APTXXzN32qCsCFWYR9iluRy3jdV6hkaT4dm-t2w8K5UcL9JyOM0dnjaVSvMjwyUhhPqXW_pjjZwwHIWgYkfWgWBC1knvk-2sjtN39q5sqwWOOvCFLrGW&amp;__tn__=*NK-R\">#formaci\u00f3nosc<\/a><a href=\"https:\/\/www.facebook.com\/hashtag\/pulsounlp?__eep__=6&amp;__cft__[0]=AZXPW8QkXI809Ix30_cvuh5pBngk4slNuzs2APTXXzN32qCsCFWYR9iluRy3jdV6hkaT4dm-t2w8K5UcL9JyOM0dnjaVSvMjwyUhhPqXW_pjjZwwHIWgYkfWgWBC1knvk-2sjtN39q5sqwWOOvCFLrGW&amp;__tn__=*NK-R\">#Pulsounlp<\/a><a href=\"https:\/\/www.facebook.com\/hashtag\/forodelsectorsocial?__eep__=6&amp;__cft__[0]=AZXPW8QkXI809Ix30_cvuh5pBngk4slNuzs2APTXXzN32qCsCFWYR9iluRy3jdV6hkaT4dm-t2w8K5UcL9JyOM0dnjaVSvMjwyUhhPqXW_pjjZwwHIWgYkfWgWBC1knvk-2sjtN39q5sqwWOOvCFLrGW&amp;__tn__=*NK-R\">#forodelsectorsocial<\/a><a href=\"https:\/\/www.facebook.com\/hashtag\/gesti%C3%B3nsocial?__eep__=6&amp;__cft__[0]=AZXPW8QkXI809Ix30_cvuh5pBngk4slNuzs2APTXXzN32qCsCFWYR9iluRy3jdV6hkaT4dm-t2w8K5UcL9JyOM0dnjaVSvMjwyUhhPqXW_pjjZwwHIWgYkfWgWBC1knvk-2sjtN39q5sqwWOOvCFLrGW&amp;__tn__=*NK-R\">#gesti\u00f3nsocial<\/a><a href=\"https:\/\/www.facebook.com\/hashtag\/tercersector?__eep__=6&amp;__cft__[0]=AZXPW8QkXI809Ix30_cvuh5pBngk4slNuzs2APTXXzN32qCsCFWYR9iluRy3jdV6hkaT4dm-t2w8K5UcL9JyOM0dnjaVSvMjwyUhhPqXW_pjjZwwHIWgYkfWgWBC1knvk-2sjtN39q5sqwWOOvCFLrGW&amp;__tn__=*NK-R\">#tercersector<\/a><a href=\"https:\/\/www.facebook.com\/hashtag\/fphv?__eep__=6&amp;__cft__[0]=AZXPW8QkXI809Ix30_cvuh5pBngk4slNuzs2APTXXzN32qCsCFWYR9iluRy3jdV6hkaT4dm-t2w8K5UcL9JyOM0dnjaVSvMjwyUhhPqXW_pjjZwwHIWgYkfWgWBC1knvk-2sjtN39q5sqwWOOvCFLrGW&amp;__tn__=*NK-R\">#fphv<\/a><a href=\"https:\/\/www.facebook.com\/hashtag\/capacitaci%C3%B3nconimpacto?__eep__=6&amp;__cft__[0]=AZXPW8QkXI809Ix30_cvuh5pBngk4slNuzs2APTXXzN32qCsCFWYR9iluRy3jdV6hkaT4dm-t2w8K5UcL9JyOM0dnjaVSvMjwyUhhPqXW_pjjZwwHIWgYkfWgWBC1knvk-2sjtN39q5sqwWOOvCFLrGW&amp;__tn__=*NK-R\">#capacitaci\u00f3nconimpacto<\/a><\/p>\n","protected":false},"excerpt":{"rendered":"<p>Desde el @forosectorsocial, junto a @pulso y la @extension.fce.unlp, te invitamos a participar del pr\u00f3ximo encuentro. Mi\u00e9rcoles 14 de mayo | 18:00 hs Clase 1: Diagn\u00f3stico estrat\u00e9gico A cargo de la Prof. Silvia Rossi \u2013 FCE UNLP Una propuesta para quienes lideran organizaciones sociales y buscan herramientas concretas para fortalecer su gesti\u00f3n y planificar con [&hellip;]<\/p>\n","protected":false},"author":5,"featured_media":1384,"comment_status":"closed","ping_status":"closed","sticky":false,"template":"","format":"standard","meta":{"footnotes":""},"categories":[1],"tags":[],"class_list":["post-1383","post","type-post","status-publish","format-standard","has-post-thumbnail","hentry","category-eventos"],"_links":{"self":[{"href":"https:\/\/fphv.org\/index.php?rest_route=\/wp\/v2\/posts\/1383","targetHints":{"allow":["GET"]}}],"collection":[{"href":"https:\/\/fphv.org\/index.php?rest_route=\/wp\/v2\/posts"}],"about":[{"href":"https:\/\/fphv.org\/index.php?rest_route=\/wp\/v2\/types\/post"}],"author":[{"embeddable":true,"href":"https:\/\/fphv.org\/index.php?rest_route=\/wp\/v2\/users\/5"}],"replies":[{"embeddable":true,"href":"https:\/\/fphv.org\/index.php?rest_route=%2Fwp%2Fv2%2Fcomments&post=1383"}],"version-history":[{"count":1,"href":"https:\/\/fphv.org\/index.php?rest_route=\/wp\/v2\/posts\/1383\/revisions"}],"predecessor-version":[{"id":1385,"href":"https:\/\/fphv.org\/index.php?rest_route=\/wp\/v2\/posts\/1383\/revisions\/1385"}],"wp:featuredmedia":[{"embeddable":true,"href":"https:\/\/fphv.org\/index.php?rest_route=\/wp\/v2\/media\/1384"}],"wp:attachment":[{"href":"https:\/\/fphv.org\/index.php?rest_route=%2Fwp%2Fv2%2Fmedia&parent=1383"}],"wp:term":[{"taxonomy":"category","embeddable":true,"href":"https:\/\/fphv.org\/index.php?rest_route=%2Fwp%2Fv2%2Fcategories&post=1383"},{"taxonomy":"post_tag","embeddable":true,"href":"https:\/\/fphv.org\/index.php?rest_route=%2Fwp%2Fv2%2Ftags&post=1383"}],"curies":[{"name":"wp","href":"https:\/\/api.w.org\/{rel}","templated":true}]}}