{"id":1380,"date":"2025-05-07T14:31:52","date_gmt":"2025-05-07T17:31:52","guid":{"rendered":"https:\/\/fphv.org\/?p=1380"},"modified":"2025-05-29T14:33:14","modified_gmt":"2025-05-29T17:33:14","slug":"conversatorio-compol-inicia-un-nuevo-espacio-de-pensamiento-critico-y-comunicacion-politica","status":"publish","type":"post","link":"https:\/\/fphv.org\/?p=1380","title":{"rendered":"Conversatorio COMPOL: Inicia un nuevo espacio de pensamiento cr\u00edtico y comunicaci\u00f3n pol\u00edtica"},"content":{"rendered":"\n<p>El <a><\/a>Instituto de Comunicaci\u00f3n Pol\u00edtica de la Fundaci\u00f3n Pro Humanae Vitae junto a la Asociaci\u00f3n Argentina de Consultores Pol\u00edticos (ASACOP), te invitamos al Conversatorio COMPOL, un ciclo mensual de encuentros abiertos y gratuitos que re\u00fane a referentes influyentes del mundo de la comunicaci\u00f3n pol\u00edtica para reflexionar, debatir y construir ciudadan\u00eda informada.<\/p>\n\n\n\n<p><img decoding=\"async\" height=\"16\" width=\"16\" alt=\"\ud83d\udccd\" src=\"https:\/\/static.xx.fbcdn.net\/images\/emoji.php\/v9\/t2d\/1\/16\/1f4cd.png\"> En esta primera edici\u00f3n, titulada \u201cDilemas del \u201825\u201d, contaremos con la participaci\u00f3n del Doctor en Comunicaci\u00f3n y Presidente de ASACOP Federico Rey Lennon, quien abordar\u00e1 los desaf\u00edos comunicacionales del escenario pol\u00edtico argentino actual.<\/p>\n\n\n\n<p><img decoding=\"async\" height=\"16\" width=\"16\" alt=\"\ud83d\uddd3\" src=\"https:\/\/static.xx.fbcdn.net\/images\/emoji.php\/v9\/t5c\/1\/16\/1f5d3.png\"> Jueves 15 de mayo<\/p>\n\n\n\n<p><img decoding=\"async\" height=\"16\" width=\"16\" alt=\"\ud83d\udd61\" src=\"https:\/\/static.xx.fbcdn.net\/images\/emoji.php\/v9\/tc8\/1\/16\/1f561.png\"> 18 horas<\/p>\n\n\n\n<p><img loading=\"lazy\" decoding=\"async\" height=\"16\" width=\"16\" alt=\"\ud83d\udccc\" src=\"https:\/\/static.xx.fbcdn.net\/images\/emoji.php\/v9\/tac\/1\/16\/1f4cc.png\"> Sal\u00f3n Ren\u00e9 Favaloro del Grand Brizo Hotel, La Plata<\/p>\n\n\n\n<p>Porque en tiempos de elecciones, la comunicaci\u00f3n pol\u00edtica no solo construye discursos, sino que forma opini\u00f3n, proyecta futuros posibles y fortalece la democracia.<\/p>\n\n\n\n<p>M\u00e1s informaci\u00f3n para mejores decisiones<img loading=\"lazy\" decoding=\"async\" height=\"16\" width=\"16\" alt=\"\u2757\ufe0f\" src=\"https:\/\/static.xx.fbcdn.net\/images\/emoji.php\/v9\/t50\/1\/16\/2757.png\"><\/p>\n\n\n\n<p><img loading=\"lazy\" decoding=\"async\" height=\"16\" width=\"16\" alt=\"\ud83d\udc49\" src=\"https:\/\/static.xx.fbcdn.net\/images\/emoji.php\/v9\/t51\/1\/16\/1f449.png\">&nbsp;Inscribite ahora y confirma tu participaci\u00f3n en <a href=\"https:\/\/l.facebook.com\/l.php?u=https%3A%2F%2FBit.ly%2FConversatorioCOMPOL%3Ffbclid%3DIwZXh0bgNhZW0CMTAAYnJpZBExb0RzeVdqdm1wa1F5bGxNUQEeMY2PCaBmg51k1Vg754G3Y5pGgakn7ZoABXf3A8s2X1YW6DE_JB2C_jG-_zc_aem_j8HJZTD02yam5K_poXsUSQ&amp;h=AT2WaQXT1yvy_hg_KgTLBnTI3C8I-IxzrQM1K9k43edZrGfAOQXcNkM1W_2KXim9TenU7xgzINvgdU1_203AlaAEcK5SiNqmcDMxFZK3m_R4hd4Ps0X7AfxaUog6avYB5tFHfV_0c5SJZxgL&amp;__tn__=-UK-R&amp;c[0]=AT1kQe_WzPs6O9LE82Ch-ZCrUNLN5YAJ4APpZvU0KsTjBGJy0lzBTKAuYfjyfB7j1Y2cA2BZl9eqk8n194l7HucTtDrYTmScLiM61omoUFwbRVlfkmvF4saL0gIEaoz2s6vlu5G4T3PPEqKY0gqfD_GOAQc768mz048HwjYuQln29S0N3aS70bum1m5C2ozLt1DS9Yn0-NT59m3yC6XUXRvuSFI\" rel=\"noreferrer noopener\" target=\"_blank\">Bit.ly\/ConversatorioCOMPOL<\/a><\/p>\n","protected":false},"excerpt":{"rendered":"<p>El Instituto de Comunicaci\u00f3n Pol\u00edtica de la Fundaci\u00f3n Pro Humanae Vitae junto a la Asociaci\u00f3n Argentina de Consultores Pol\u00edticos (ASACOP), te invitamos al Conversatorio COMPOL, un ciclo mensual de encuentros abiertos y gratuitos que re\u00fane a referentes influyentes del mundo de la comunicaci\u00f3n pol\u00edtica para reflexionar, debatir y construir ciudadan\u00eda informada. En esta primera edici\u00f3n, [&hellip;]<\/p>\n","protected":false},"author":5,"featured_media":1381,"comment_status":"closed","ping_status":"closed","sticky":false,"template":"","format":"standard","meta":{"footnotes":""},"categories":[1],"tags":[],"class_list":["post-1380","post","type-post","status-publish","format-standard","has-post-thumbnail","hentry","category-eventos"],"_links":{"self":[{"href":"https:\/\/fphv.org\/index.php?rest_route=\/wp\/v2\/posts\/1380","targetHints":{"allow":["GET"]}}],"collection":[{"href":"https:\/\/fphv.org\/index.php?rest_route=\/wp\/v2\/posts"}],"about":[{"href":"https:\/\/fphv.org\/index.php?rest_route=\/wp\/v2\/types\/post"}],"author":[{"embeddable":true,"href":"https:\/\/fphv.org\/index.php?rest_route=\/wp\/v2\/users\/5"}],"replies":[{"embeddable":true,"href":"https:\/\/fphv.org\/index.php?rest_route=%2Fwp%2Fv2%2Fcomments&post=1380"}],"version-history":[{"count":1,"href":"https:\/\/fphv.org\/index.php?rest_route=\/wp\/v2\/posts\/1380\/revisions"}],"predecessor-version":[{"id":1382,"href":"https:\/\/fphv.org\/index.php?rest_route=\/wp\/v2\/posts\/1380\/revisions\/1382"}],"wp:featuredmedia":[{"embeddable":true,"href":"https:\/\/fphv.org\/index.php?rest_route=\/wp\/v2\/media\/1381"}],"wp:attachment":[{"href":"https:\/\/fphv.org\/index.php?rest_route=%2Fwp%2Fv2%2Fmedia&parent=1380"}],"wp:term":[{"taxonomy":"category","embeddable":true,"href":"https:\/\/fphv.org\/index.php?rest_route=%2Fwp%2Fv2%2Fcategories&post=1380"},{"taxonomy":"post_tag","embeddable":true,"href":"https:\/\/fphv.org\/index.php?rest_route=%2Fwp%2Fv2%2Ftags&post=1380"}],"curies":[{"name":"wp","href":"https:\/\/api.w.org\/{rel}","templated":true}]}}