{"id":1377,"date":"2025-05-01T14:30:18","date_gmt":"2025-05-01T17:30:18","guid":{"rendered":"https:\/\/fphv.org\/?p=1377"},"modified":"2025-05-29T14:31:51","modified_gmt":"2025-05-29T17:31:51","slug":"herramientas-que-abren-puertas","status":"publish","type":"post","link":"https:\/\/fphv.org\/?p=1377","title":{"rendered":"\u00a1Herramientas que abren puertas!"},"content":{"rendered":"\n<p>Este mi\u00e9rcoles compartimos el Taller de Impacto: Construye tu CV, una iniciativa del Instituto de la Mujer de la Fundaci\u00f3n Pro Humanae Vitae pensada para acompa\u00f1ar y empoderar a quienes est\u00e1n en b\u00fasqueda activa de trabajo.<\/p>\n\n\n\n<p>Junto a la directora <a href=\"https:\/\/l.facebook.com\/l.php?u=https%3A%2F%2Fwww.instagram.com%2F_u%2Fnatalia_raciti_%3Ffbclid%3DIwZXh0bgNhZW0CMTAAYnJpZBExb0RzeVdqdm1wa1F5bGxNUQEe-NPAsGHSaKcnkkvIwdArcSZpvxTfdTgQcvATzGvZKciykNac57b07yxgxGs_aem_asNSqNz-ya0N1uaRmie8lw&amp;h=AT1R3AB6r0y88CqghHIl3wN1wtyCUMJdTrpfPH5hF_FHLMp_4_ZVwZhRKyLSa8sEbRppOeKMmyQyvcRVHizaKfZmsajIV5pbFccq0-9OU1itDSitAV7zaryIujoGSQS2OOGt&amp;__tn__=-UK-R&amp;c[0]=AT26BRfjiXxyKeCl9DbOkkpuxo450f6DQFczyD0r93n06_LAzok_ghKMFQDwb9N0hyz-SANC-1Li3oehqUKA7C0HdpJoD3uIjgaaThqHrySlASDXGJyH5sB4p8YFTgPTH6pozbkOAJJ687k1Rb3LvWK5F7v-m-Vf5XxHExE-vWVGwqfPBiqHTCA6tiIQs-g_OizuNSw4pi49xqDOQFTC1rEFEzI\" rel=\"noreferrer noopener\" target=\"_blank\">@natalia_raciti_<\/a> e integrantes del Instituto de la Mujer <a href=\"https:\/\/www.instagram.com\/_u\/erica.perez2019?fbclid=IwZXh0bgNhZW0CMTAAYnJpZBExb0RzeVdqdm1wa1F5bGxNUQEeaoL9DJvigK5VzedRKnzbUaFk3LkU7BS6h3EOl6MRXbJEGoQuhmjHq4V_UHU_aem_jzL5Xj1QE6SyaauT39bBGA\" rel=\"noreferrer noopener\" target=\"_blank\">@erica.perez2019<\/a> , <a href=\"https:\/\/l.facebook.com\/l.php?u=https%3A%2F%2Fwww.instagram.com%2F_u%2Fpato_vaquero%3Ffbclid%3DIwZXh0bgNhZW0CMTAAYnJpZBExb0RzeVdqdm1wa1F5bGxNUQEe-NPAsGHSaKcnkkvIwdArcSZpvxTfdTgQcvATzGvZKciykNac57b07yxgxGs_aem_asNSqNz-ya0N1uaRmie8lw&amp;h=AT0V0pfV-EJbRYkuiBiUN6qou2EYUyyuAP4zRZ6BTU3w4i2gO81jqqHvLgM0THAWsMe7YG5bXAI7PHzXlBG57Y0Q9sZUHcWDBlB7dkvSyFwV-_Fny34p3PyD7r9XD_vN-568&amp;__tn__=-UK-R&amp;c[0]=AT26BRfjiXxyKeCl9DbOkkpuxo450f6DQFczyD0r93n06_LAzok_ghKMFQDwb9N0hyz-SANC-1Li3oehqUKA7C0HdpJoD3uIjgaaThqHrySlASDXGJyH5sB4p8YFTgPTH6pozbkOAJJ687k1Rb3LvWK5F7v-m-Vf5XxHExE-vWVGwqfPBiqHTCA6tiIQs-g_OizuNSw4pi49xqDOQFTC1rEFEzI\" rel=\"noreferrer noopener\" target=\"_blank\">@pato_vaquero<\/a> y <a href=\"https:\/\/l.facebook.com\/l.php?u=https%3A%2F%2Fwww.instagram.com%2F_u%2Froxanafabiana79%3Ffbclid%3DIwZXh0bgNhZW0CMTAAYnJpZBExb0RzeVdqdm1wa1F5bGxNUQEeaoL9DJvigK5VzedRKnzbUaFk3LkU7BS6h3EOl6MRXbJEGoQuhmjHq4V_UHU_aem_jzL5Xj1QE6SyaauT39bBGA&amp;h=AT1QeOX3VjUL07cY6xaxYTqjA2xyLlZrchLvNuK3M2KdzHZSH-3W7wJ1eGkQjBf5yWPqXVGJa4j5jiqNI4V4x3GmktBEormVoViNGZe8HKl4qiYlWiSmQCyoGaov0K8JqkNL&amp;__tn__=-UK-R&amp;c[0]=AT26BRfjiXxyKeCl9DbOkkpuxo450f6DQFczyD0r93n06_LAzok_ghKMFQDwb9N0hyz-SANC-1Li3oehqUKA7C0HdpJoD3uIjgaaThqHrySlASDXGJyH5sB4p8YFTgPTH6pozbkOAJJ687k1Rb3LvWK5F7v-m-Vf5XxHExE-vWVGwqfPBiqHTCA6tiIQs-g_OizuNSw4pi49xqDOQFTC1rEFEzI\" rel=\"noreferrer noopener\" target=\"_blank\">@roxanafabiana79<\/a> , trabajamos en El Ateneo Eva Peron (143 y 529 &#8211; San Carlos) brindando herramientas pr\u00e1cticas para armar un CV efectivo <img decoding=\"async\" height=\"16\" width=\"16\" alt=\"\u270d\ufe0f\" src=\"https:\/\/static.xx.fbcdn.net\/images\/emoji.php\/v9\/te2\/1\/16\/270d.png\">, prepararse para entrevistas laborales <img decoding=\"async\" height=\"16\" width=\"16\" alt=\"\ud83e\udd1d\" src=\"https:\/\/static.xx.fbcdn.net\/images\/emoji.php\/v9\/t64\/1\/16\/1f91d.png\"> y potenciar la autoconfianza <img decoding=\"async\" height=\"16\" width=\"16\" alt=\"\ud83d\udcaa\" src=\"https:\/\/static.xx.fbcdn.net\/images\/emoji.php\/v9\/t6c\/1\/16\/1f4aa.png\">. Porque creemos en el valor de cada persona y en el poder de la formaci\u00f3n como motor de transformaci\u00f3n social.<\/p>\n\n\n\n<p>Seguimos creando espacios donde el crecimiento personal y profesional se hace posible.<\/p>\n\n\n\n<p><a href=\"https:\/\/www.facebook.com\/hashtag\/fphv?__eep__=6&amp;__cft__[0]=AZXvSxhJerw_EIRFMoBvcvh-4kvUfidZGkPKEpiVMWX0rZ-Gg6zlZeK8WqYe4F6Ylst_lmZLZWs6h6IVYT8CQjiC_O07HRFFB0SrFZbyJjFDRZ4ZgFCc8J2vYsIes3itjarBCCpUnp1v2b9H-ujeX1uV4YNUu8Pfaw-OlAivGQu8lH66VFjdyCCbX_3-09xoP7M&amp;__tn__=*NK-R\">#FPHV<\/a><a href=\"https:\/\/www.facebook.com\/hashtag\/tallerdeimpacto?__eep__=6&amp;__cft__[0]=AZXvSxhJerw_EIRFMoBvcvh-4kvUfidZGkPKEpiVMWX0rZ-Gg6zlZeK8WqYe4F6Ylst_lmZLZWs6h6IVYT8CQjiC_O07HRFFB0SrFZbyJjFDRZ4ZgFCc8J2vYsIes3itjarBCCpUnp1v2b9H-ujeX1uV4YNUu8Pfaw-OlAivGQu8lH66VFjdyCCbX_3-09xoP7M&amp;__tn__=*NK-R\">#TallerDeImpacto<\/a><a href=\"https:\/\/www.facebook.com\/hashtag\/trabajodigno?__eep__=6&amp;__cft__[0]=AZXvSxhJerw_EIRFMoBvcvh-4kvUfidZGkPKEpiVMWX0rZ-Gg6zlZeK8WqYe4F6Ylst_lmZLZWs6h6IVYT8CQjiC_O07HRFFB0SrFZbyJjFDRZ4ZgFCc8J2vYsIes3itjarBCCpUnp1v2b9H-ujeX1uV4YNUu8Pfaw-OlAivGQu8lH66VFjdyCCbX_3-09xoP7M&amp;__tn__=*NK-R\">#TrabajoDigno<\/a><a href=\"https:\/\/www.facebook.com\/hashtag\/ods?__eep__=6&amp;__cft__[0]=AZXvSxhJerw_EIRFMoBvcvh-4kvUfidZGkPKEpiVMWX0rZ-Gg6zlZeK8WqYe4F6Ylst_lmZLZWs6h6IVYT8CQjiC_O07HRFFB0SrFZbyJjFDRZ4ZgFCc8J2vYsIes3itjarBCCpUnp1v2b9H-ujeX1uV4YNUu8Pfaw-OlAivGQu8lH66VFjdyCCbX_3-09xoP7M&amp;__tn__=*NK-R\">#ODS<\/a><a href=\"https:\/\/www.facebook.com\/hashtag\/empoderamiento?__eep__=6&amp;__cft__[0]=AZXvSxhJerw_EIRFMoBvcvh-4kvUfidZGkPKEpiVMWX0rZ-Gg6zlZeK8WqYe4F6Ylst_lmZLZWs6h6IVYT8CQjiC_O07HRFFB0SrFZbyJjFDRZ4ZgFCc8J2vYsIes3itjarBCCpUnp1v2b9H-ujeX1uV4YNUu8Pfaw-OlAivGQu8lH66VFjdyCCbX_3-09xoP7M&amp;__tn__=*NK-R\">#Empoderamiento<\/a><a href=\"https:\/\/www.facebook.com\/hashtag\/econom%C3%ADasocial?__eep__=6&amp;__cft__[0]=AZXvSxhJerw_EIRFMoBvcvh-4kvUfidZGkPKEpiVMWX0rZ-Gg6zlZeK8WqYe4F6Ylst_lmZLZWs6h6IVYT8CQjiC_O07HRFFB0SrFZbyJjFDRZ4ZgFCc8J2vYsIes3itjarBCCpUnp1v2b9H-ujeX1uV4YNUu8Pfaw-OlAivGQu8lH66VFjdyCCbX_3-09xoP7M&amp;__tn__=*NK-R\">#Econom\u00edaSocial<\/a><\/p>\n\n\n\n<p><\/p>\n","protected":false},"excerpt":{"rendered":"<p>Este mi\u00e9rcoles compartimos el Taller de Impacto: Construye tu CV, una iniciativa del Instituto de la Mujer de la Fundaci\u00f3n Pro Humanae Vitae pensada para acompa\u00f1ar y empoderar a quienes est\u00e1n en b\u00fasqueda activa de trabajo. Junto a la directora @natalia_raciti_ e integrantes del Instituto de la Mujer @erica.perez2019 , @pato_vaquero y @roxanafabiana79 , trabajamos [&hellip;]<\/p>\n","protected":false},"author":5,"featured_media":1378,"comment_status":"closed","ping_status":"closed","sticky":false,"template":"","format":"standard","meta":{"footnotes":""},"categories":[2],"tags":[],"class_list":["post-1377","post","type-post","status-publish","format-standard","has-post-thumbnail","hentry","category-prensa"],"_links":{"self":[{"href":"https:\/\/fphv.org\/index.php?rest_route=\/wp\/v2\/posts\/1377","targetHints":{"allow":["GET"]}}],"collection":[{"href":"https:\/\/fphv.org\/index.php?rest_route=\/wp\/v2\/posts"}],"about":[{"href":"https:\/\/fphv.org\/index.php?rest_route=\/wp\/v2\/types\/post"}],"author":[{"embeddable":true,"href":"https:\/\/fphv.org\/index.php?rest_route=\/wp\/v2\/users\/5"}],"replies":[{"embeddable":true,"href":"https:\/\/fphv.org\/index.php?rest_route=%2Fwp%2Fv2%2Fcomments&post=1377"}],"version-history":[{"count":1,"href":"https:\/\/fphv.org\/index.php?rest_route=\/wp\/v2\/posts\/1377\/revisions"}],"predecessor-version":[{"id":1379,"href":"https:\/\/fphv.org\/index.php?rest_route=\/wp\/v2\/posts\/1377\/revisions\/1379"}],"wp:featuredmedia":[{"embeddable":true,"href":"https:\/\/fphv.org\/index.php?rest_route=\/wp\/v2\/media\/1378"}],"wp:attachment":[{"href":"https:\/\/fphv.org\/index.php?rest_route=%2Fwp%2Fv2%2Fmedia&parent=1377"}],"wp:term":[{"taxonomy":"category","embeddable":true,"href":"https:\/\/fphv.org\/index.php?rest_route=%2Fwp%2Fv2%2Fcategories&post=1377"},{"taxonomy":"post_tag","embeddable":true,"href":"https:\/\/fphv.org\/index.php?rest_route=%2Fwp%2Fv2%2Ftags&post=1377"}],"curies":[{"name":"wp","href":"https:\/\/api.w.org\/{rel}","templated":true}]}}