{"id":1374,"date":"2025-04-26T14:26:01","date_gmt":"2025-04-26T17:26:01","guid":{"rendered":"https:\/\/fphv.org\/?p=1374"},"modified":"2025-05-29T14:28:08","modified_gmt":"2025-05-29T17:28:08","slug":"hablemos-de-dislexia","status":"publish","type":"post","link":"https:\/\/fphv.org\/?p=1374","title":{"rendered":"HABLEMOS DE DISLEXIA"},"content":{"rendered":"\n<p>El d\u00eda de ayer compartimos una jornada de di\u00e1logo y reflexi\u00f3n abierta sobre la dislexia, abord\u00e1ndola desde una perspectiva interdisciplinaria y con enfoque en derechos.<\/p>\n\n\n\n<p>Agradecemos la participaci\u00f3n de la Lic. en Psicopedagog\u00eda especialista en dislexia, Aladana Garc\u00eda Bianco; la Lic. en Fonoaudiologia y directora del Instituto Apei, Silvia Censi y la abogada de la Direcci\u00f3n de equidad de g\u00e9nero y diversidad sexual de la HCD PBA y subdirectora del observatorio CALP, Erica Perez. Quienes nos ayudaron a profundizar en los desaf\u00edos y oportunidades para acompa\u00f1ar mejor a quienes conviven con esta condici\u00f3n. As\u00ed tambi\u00e9n agradecemos la presencia de directores y representantes de escuelas y colegios privados y p\u00fablicos de la ciudad de La Plata.<\/p>\n\n\n\n<p>Desde el Instituto de Familia Siglo XXI de la Fundaci\u00f3n Pro Humanae Vitae, renovamos nuestro compromiso de construir espacios de aprendizaje que promuevan la inclusi\u00f3n, el respeto y el acompa\u00f1amiento desde la familia, la escuela y la sociedad.<\/p>\n\n\n\n<p>Sigamos hablando, reflexionando y transformando realidades.<\/p>\n\n\n\n<p><a href=\"https:\/\/www.facebook.com\/hashtag\/hablemosdedislexia?__eep__=6&amp;__cft__[0]=AZUp1aqh2-mlHOyfZXTYcshLwyvWIP5PIZgZiar8rwPRiJlnwBG2msvJ0hGNZQ9b0DBZYWVlgRYOc0tqvF9DvrSucLRdKMJQl5LV0rZ4Qj9buYnkfOns_Czv10Rz2KYmFAS9Unum5c3Hwvj1bm7_XqoMuoMLZj_0EXCap1TcalPlfC2raP00A5_Dt37SrDiO7hg&amp;__tn__=*NK-R\">#hablemosdedislexia<\/a><a href=\"https:\/\/www.facebook.com\/hashtag\/fundacionprohumanaevitae?__eep__=6&amp;__cft__[0]=AZUp1aqh2-mlHOyfZXTYcshLwyvWIP5PIZgZiar8rwPRiJlnwBG2msvJ0hGNZQ9b0DBZYWVlgRYOc0tqvF9DvrSucLRdKMJQl5LV0rZ4Qj9buYnkfOns_Czv10Rz2KYmFAS9Unum5c3Hwvj1bm7_XqoMuoMLZj_0EXCap1TcalPlfC2raP00A5_Dt37SrDiO7hg&amp;__tn__=*NK-R\">#fundacionprohumanaevitae<\/a><a href=\"https:\/\/www.facebook.com\/hashtag\/ods?__eep__=6&amp;__cft__[0]=AZUp1aqh2-mlHOyfZXTYcshLwyvWIP5PIZgZiar8rwPRiJlnwBG2msvJ0hGNZQ9b0DBZYWVlgRYOc0tqvF9DvrSucLRdKMJQl5LV0rZ4Qj9buYnkfOns_Czv10Rz2KYmFAS9Unum5c3Hwvj1bm7_XqoMuoMLZj_0EXCap1TcalPlfC2raP00A5_Dt37SrDiO7hg&amp;__tn__=*NK-R\">#ods<\/a><a href=\"https:\/\/www.facebook.com\/hashtag\/educacioninclusiva?__eep__=6&amp;__cft__[0]=AZUp1aqh2-mlHOyfZXTYcshLwyvWIP5PIZgZiar8rwPRiJlnwBG2msvJ0hGNZQ9b0DBZYWVlgRYOc0tqvF9DvrSucLRdKMJQl5LV0rZ4Qj9buYnkfOns_Czv10Rz2KYmFAS9Unum5c3Hwvj1bm7_XqoMuoMLZj_0EXCap1TcalPlfC2raP00A5_Dt37SrDiO7hg&amp;__tn__=*NK-R\">#educacioninclusiva<\/a><a href=\"https:\/\/www.facebook.com\/hashtag\/institutodefamiliasigloxxi?__eep__=6&amp;__cft__[0]=AZUp1aqh2-mlHOyfZXTYcshLwyvWIP5PIZgZiar8rwPRiJlnwBG2msvJ0hGNZQ9b0DBZYWVlgRYOc0tqvF9DvrSucLRdKMJQl5LV0rZ4Qj9buYnkfOns_Czv10Rz2KYmFAS9Unum5c3Hwvj1bm7_XqoMuoMLZj_0EXCap1TcalPlfC2raP00A5_Dt37SrDiO7hg&amp;__tn__=*NK-R\">#InstitutoDeFamiliaSigloXXI<\/a><\/p>\n","protected":false},"excerpt":{"rendered":"<p>El d\u00eda de ayer compartimos una jornada de di\u00e1logo y reflexi\u00f3n abierta sobre la dislexia, abord\u00e1ndola desde una perspectiva interdisciplinaria y con enfoque en derechos. Agradecemos la participaci\u00f3n de la Lic. en Psicopedagog\u00eda especialista en dislexia, Aladana Garc\u00eda Bianco; la Lic. en Fonoaudiologia y directora del Instituto Apei, Silvia Censi y la abogada de la [&hellip;]<\/p>\n","protected":false},"author":5,"featured_media":1375,"comment_status":"closed","ping_status":"closed","sticky":false,"template":"","format":"standard","meta":{"footnotes":""},"categories":[2],"tags":[],"class_list":["post-1374","post","type-post","status-publish","format-standard","has-post-thumbnail","hentry","category-prensa"],"_links":{"self":[{"href":"https:\/\/fphv.org\/index.php?rest_route=\/wp\/v2\/posts\/1374","targetHints":{"allow":["GET"]}}],"collection":[{"href":"https:\/\/fphv.org\/index.php?rest_route=\/wp\/v2\/posts"}],"about":[{"href":"https:\/\/fphv.org\/index.php?rest_route=\/wp\/v2\/types\/post"}],"author":[{"embeddable":true,"href":"https:\/\/fphv.org\/index.php?rest_route=\/wp\/v2\/users\/5"}],"replies":[{"embeddable":true,"href":"https:\/\/fphv.org\/index.php?rest_route=%2Fwp%2Fv2%2Fcomments&post=1374"}],"version-history":[{"count":1,"href":"https:\/\/fphv.org\/index.php?rest_route=\/wp\/v2\/posts\/1374\/revisions"}],"predecessor-version":[{"id":1376,"href":"https:\/\/fphv.org\/index.php?rest_route=\/wp\/v2\/posts\/1374\/revisions\/1376"}],"wp:featuredmedia":[{"embeddable":true,"href":"https:\/\/fphv.org\/index.php?rest_route=\/wp\/v2\/media\/1375"}],"wp:attachment":[{"href":"https:\/\/fphv.org\/index.php?rest_route=%2Fwp%2Fv2%2Fmedia&parent=1374"}],"wp:term":[{"taxonomy":"category","embeddable":true,"href":"https:\/\/fphv.org\/index.php?rest_route=%2Fwp%2Fv2%2Fcategories&post=1374"},{"taxonomy":"post_tag","embeddable":true,"href":"https:\/\/fphv.org\/index.php?rest_route=%2Fwp%2Fv2%2Ftags&post=1374"}],"curies":[{"name":"wp","href":"https:\/\/api.w.org\/{rel}","templated":true}]}}