{"id":1371,"date":"2025-04-26T14:22:58","date_gmt":"2025-04-26T17:22:58","guid":{"rendered":"https:\/\/fphv.org\/?p=1371"},"modified":"2025-05-29T14:25:58","modified_gmt":"2025-05-29T17:25:58","slug":"taller-de-impacto-construye-tu-cv","status":"publish","type":"post","link":"https:\/\/fphv.org\/?p=1371","title":{"rendered":"TALLER DE IMPACTO: CONSTRUYE TU CV"},"content":{"rendered":"\n<p>Desde el Instituto de la Mujer de la Fundaci\u00f3n Pro Humanae Vitae te invitamos a participar del Taller de Impacto: Construye tu CV.<\/p>\n\n\n\n<p>Un espacio pensado para brindarte las herramientas necesarias para confeccionar un curr\u00edculum s\u00f3lido y estrat\u00e9gico que abra nuevas oportunidades laborales.<\/p>\n\n\n\n<p><img decoding=\"async\" height=\"16\" width=\"16\" alt=\"\ud83d\uddd3\ufe0f\" src=\"https:\/\/static.xx.fbcdn.net\/images\/emoji.php\/v9\/t5c\/1\/16\/1f5d3.png\"> Mi\u00e9rcoles 30<\/p>\n\n\n\n<p><img decoding=\"async\" height=\"16\" width=\"16\" alt=\"\u23f0\" src=\"https:\/\/static.xx.fbcdn.net\/images\/emoji.php\/v9\/t34\/1\/16\/23f0.png\"> 16:30 hs<\/p>\n\n\n\n<p><img decoding=\"async\" height=\"16\" width=\"16\" alt=\"\ud83d\udccd\" src=\"https:\/\/static.xx.fbcdn.net\/images\/emoji.php\/v9\/t2d\/1\/16\/1f4cd.png\">143 y 529 &#8211; El Ateneo Eva Peron<\/p>\n\n\n\n<p>Inscribite: <a href=\"https:\/\/bit.ly\/4cMbuRD?fbclid=IwZXh0bgNhZW0CMTAAYnJpZBExb0RzeVdqdm1wa1F5bGxNUQEe7WOlKaRC-mr935rgRm3VekiHICDBtXnANFnbcXWPUmWIlyi-JauvIrYWrHU_aem_N1ZBcZcVP8ZBLw0MjQqsrg\" rel=\"noreferrer noopener\" target=\"_blank\">http:\/\/bit.ly\/4cMbuRD<\/a><\/p>\n\n\n\n<p><a href=\"https:\/\/www.facebook.com\/hashtag\/tallercontruyetucv?__eep__=6&amp;__cft__[0]=AZW2R_xpmf1kQGSbz7va_cv67LKpuwBnkaUp37XAeV1LYnCR1lM6pK_hArdfGdWPtZg8fWfnVz5pOEwCYvPti73bX4U7JJ1qgsCpc_rrTTI_cOe016xHY2CuWbW6Ozgzo6Q5eb7o2YF92vJpiToZW_n3&amp;__tn__=*NK-R\">#tallercontruyetucv<\/a><a href=\"https:\/\/www.facebook.com\/hashtag\/curriculumvitae?__eep__=6&amp;__cft__[0]=AZW2R_xpmf1kQGSbz7va_cv67LKpuwBnkaUp37XAeV1LYnCR1lM6pK_hArdfGdWPtZg8fWfnVz5pOEwCYvPti73bX4U7JJ1qgsCpc_rrTTI_cOe016xHY2CuWbW6Ozgzo6Q5eb7o2YF92vJpiToZW_n3&amp;__tn__=*NK-R\">#curriculumvitae<\/a><a href=\"https:\/\/www.facebook.com\/hashtag\/laplata?__eep__=6&amp;__cft__[0]=AZW2R_xpmf1kQGSbz7va_cv67LKpuwBnkaUp37XAeV1LYnCR1lM6pK_hArdfGdWPtZg8fWfnVz5pOEwCYvPti73bX4U7JJ1qgsCpc_rrTTI_cOe016xHY2CuWbW6Ozgzo6Q5eb7o2YF92vJpiToZW_n3&amp;__tn__=*NK-R\">#laplata<\/a><a href=\"https:\/\/www.facebook.com\/hashtag\/institutodelamujer?__eep__=6&amp;__cft__[0]=AZW2R_xpmf1kQGSbz7va_cv67LKpuwBnkaUp37XAeV1LYnCR1lM6pK_hArdfGdWPtZg8fWfnVz5pOEwCYvPti73bX4U7JJ1qgsCpc_rrTTI_cOe016xHY2CuWbW6Ozgzo6Q5eb7o2YF92vJpiToZW_n3&amp;__tn__=*NK-R\">#institutodelamujer<\/a><a href=\"https:\/\/www.facebook.com\/hashtag\/fphv?__eep__=6&amp;__cft__[0]=AZW2R_xpmf1kQGSbz7va_cv67LKpuwBnkaUp37XAeV1LYnCR1lM6pK_hArdfGdWPtZg8fWfnVz5pOEwCYvPti73bX4U7JJ1qgsCpc_rrTTI_cOe016xHY2CuWbW6Ozgzo6Q5eb7o2YF92vJpiToZW_n3&amp;__tn__=*NK-R\">#fphv<\/a><\/p>\n","protected":false},"excerpt":{"rendered":"<p>Desde el Instituto de la Mujer de la Fundaci\u00f3n Pro Humanae Vitae te invitamos a participar del Taller de Impacto: Construye tu CV. Un espacio pensado para brindarte las herramientas necesarias para confeccionar un curr\u00edculum s\u00f3lido y estrat\u00e9gico que abra nuevas oportunidades laborales. Mi\u00e9rcoles 30 16:30 hs 143 y 529 &#8211; El Ateneo Eva Peron [&hellip;]<\/p>\n","protected":false},"author":5,"featured_media":1372,"comment_status":"closed","ping_status":"closed","sticky":false,"template":"","format":"standard","meta":{"footnotes":""},"categories":[1],"tags":[],"class_list":["post-1371","post","type-post","status-publish","format-standard","has-post-thumbnail","hentry","category-eventos"],"_links":{"self":[{"href":"https:\/\/fphv.org\/index.php?rest_route=\/wp\/v2\/posts\/1371","targetHints":{"allow":["GET"]}}],"collection":[{"href":"https:\/\/fphv.org\/index.php?rest_route=\/wp\/v2\/posts"}],"about":[{"href":"https:\/\/fphv.org\/index.php?rest_route=\/wp\/v2\/types\/post"}],"author":[{"embeddable":true,"href":"https:\/\/fphv.org\/index.php?rest_route=\/wp\/v2\/users\/5"}],"replies":[{"embeddable":true,"href":"https:\/\/fphv.org\/index.php?rest_route=%2Fwp%2Fv2%2Fcomments&post=1371"}],"version-history":[{"count":1,"href":"https:\/\/fphv.org\/index.php?rest_route=\/wp\/v2\/posts\/1371\/revisions"}],"predecessor-version":[{"id":1373,"href":"https:\/\/fphv.org\/index.php?rest_route=\/wp\/v2\/posts\/1371\/revisions\/1373"}],"wp:featuredmedia":[{"embeddable":true,"href":"https:\/\/fphv.org\/index.php?rest_route=\/wp\/v2\/media\/1372"}],"wp:attachment":[{"href":"https:\/\/fphv.org\/index.php?rest_route=%2Fwp%2Fv2%2Fmedia&parent=1371"}],"wp:term":[{"taxonomy":"category","embeddable":true,"href":"https:\/\/fphv.org\/index.php?rest_route=%2Fwp%2Fv2%2Fcategories&post=1371"},{"taxonomy":"post_tag","embeddable":true,"href":"https:\/\/fphv.org\/index.php?rest_route=%2Fwp%2Fv2%2Ftags&post=1371"}],"curies":[{"name":"wp","href":"https:\/\/api.w.org\/{rel}","templated":true}]}}