{"id":1362,"date":"2025-04-16T14:16:35","date_gmt":"2025-04-16T17:16:35","guid":{"rendered":"https:\/\/fphv.org\/?p=1362"},"modified":"2025-05-29T14:29:01","modified_gmt":"2025-05-29T17:29:01","slug":"programa-de-formacion-para-dirigentes-de-osc","status":"publish","type":"post","link":"https:\/\/fphv.org\/?p=1362","title":{"rendered":"Programa de Formaci\u00f3n para Dirigentes de OSC"},"content":{"rendered":"\n<p>Desde el Foro del Sector Social y la Fundacion Pro Humanae Vitae en conjunto con <a href=\"https:\/\/www.instagram.com\/_u\/pulso.fce?fbclid=IwZXh0bgNhZW0CMTAAYnJpZBExb0RzeVdqdm1wa1F5bGxNUQEeMY2PCaBmg51k1Vg754G3Y5pGgakn7ZoABXf3A8s2X1YW6DE_JB2C_jG-_zc_aem_j8HJZTD02yam5K_poXsUSQ\" rel=\"noreferrer noopener\" target=\"_blank\">@pulso.fce<\/a> y <a href=\"https:\/\/l.facebook.com\/l.php?u=https%3A%2F%2Fwww.instagram.com%2F_u%2Fextension.fce.unlp%3Ffbclid%3DIwZXh0bgNhZW0CMTAAYnJpZBExb0RzeVdqdm1wa1F5bGxNUQEeMY2PCaBmg51k1Vg754G3Y5pGgakn7ZoABXf3A8s2X1YW6DE_JB2C_jG-_zc_aem_j8HJZTD02yam5K_poXsUSQ&amp;h=AT32hMBmePHSNnwDFN4aSuQM3Yg4-lRv1r4VdlWLzJp-hMoTmt9SHlrnsdqRFBlYGR_yAUtOjC5VAztHoV69-7j4QXlrVDsG1qE5QxwMr5JaK3MM2ABLflrWQDMq1YMawcmk&amp;__tn__=-UK-R&amp;c[0]=AT2_0wcRNAELnmQDCnK4aunvAdeuXGFLV4w1ajZJsKaRub2foUMXyr7101TbyrlK5cRb3o2BWMfMWkOMtrxLILS6di6IMgjBSRuyYy4IWttqoxcP8az168e2uXhcWAK6p3-Z9y3a30mpCnvEn5RNPnhmGzi48ozBkzmcBDkhxcx6RVd9fB5tdSsMmNwFZNmPY2wscCmuagPoiMZ7qpmOOEFz1po\" rel=\"noreferrer noopener\" target=\"_blank\">@extension.fce.unlp<\/a> te invitamos a participar de esta propuesta pensada para quienes est\u00e1n al frente de organizaciones que trabajan d\u00eda a d\u00eda para fortalecer el liderazgo y la gesti\u00f3n en el sector social.<\/p>\n\n\n\n<p><img decoding=\"async\" height=\"16\" width=\"16\" alt=\"\ud83d\uddd3\ufe0f\" src=\"https:\/\/static.xx.fbcdn.net\/images\/emoji.php\/v9\/t5c\/1\/16\/1f5d3.png\"> Abril a diciembre<\/p>\n\n\n\n<p><img decoding=\"async\" height=\"16\" width=\"16\" alt=\"\u23f0\" src=\"https:\/\/static.xx.fbcdn.net\/images\/emoji.php\/v9\/t34\/1\/16\/23f0.png\"> 18 h<\/p>\n\n\n\n<p><img decoding=\"async\" height=\"16\" width=\"16\" alt=\"\ud83d\udcda\" src=\"https:\/\/static.xx.fbcdn.net\/images\/emoji.php\/v9\/t49\/1\/16\/1f4da.png\"> 2 m\u00f3dulos | 9 encuentros te\u00f3rico-pr\u00e1cticos<\/p>\n\n\n\n<p><img loading=\"lazy\" decoding=\"async\" height=\"16\" width=\"16\" alt=\"\ud83d\udcbb\" src=\"https:\/\/static.xx.fbcdn.net\/images\/emoji.php\/v9\/t8c\/1\/16\/1f4bb.png\"> Modalidad virtual y sincr\u00f3nica<\/p>\n\n\n\n<p><img loading=\"lazy\" decoding=\"async\" height=\"16\" width=\"16\" alt=\"\u2705\" src=\"https:\/\/static.xx.fbcdn.net\/images\/emoji.php\/v9\/t33\/1\/16\/2705.png\"> Actividad gratuita con inscripci\u00f3n previa<\/p>\n\n\n\n<p><img loading=\"lazy\" decoding=\"async\" height=\"16\" width=\"16\" alt=\"\u2728\" src=\"https:\/\/static.xx.fbcdn.net\/images\/emoji.php\/v9\/tf4\/1\/16\/2728.png\">Este mi\u00e9rcoles 23 de abril a las 18hs, Conferencia Inaugural: Nociones b\u00e1sicas de gesti\u00f3n organizacional<\/p>\n\n\n\n<p>Disertante: Eduardo De Giusti<\/p>\n\n\n\n<p>Sumate ac\u00e1: <a href=\"https:\/\/l.facebook.com\/l.php?u=https%3A%2F%2Fbit.ly%2FProgramaDirigentesOSC-FSS%3Ffbclid%3DIwZXh0bgNhZW0CMTAAYnJpZBExb0RzeVdqdm1wa1F5bGxNUQEezxIW6z3v0XpMcXD-Tb1crABg1Lma9XLVX6lVnBUmlx7PKuO7N-ckNJ1L0ic_aem_mBzmGHnUrUwaQJWPXaRIrw&amp;h=AT0cBzrLzn07Fj4H_nc66jDdFUVPhU2rzYeGTwWXD1_e4qHfZ1kNNICrwwwTsbm-KjN673Pd1xD9tDjTWTzB60DE3OnVi3XOncbFtZdQ-JHbSxDkcdZ0g7PykNQvfnqQP9n8nScxX-C0VtMw&amp;__tn__=-UK-R&amp;c[0]=AT2_0wcRNAELnmQDCnK4aunvAdeuXGFLV4w1ajZJsKaRub2foUMXyr7101TbyrlK5cRb3o2BWMfMWkOMtrxLILS6di6IMgjBSRuyYy4IWttqoxcP8az168e2uXhcWAK6p3-Z9y3a30mpCnvEn5RNPnhmGzi48ozBkzmcBDkhxcx6RVd9fB5tdSsMmNwFZNmPY2wscCmuagPoiMZ7qpmOOEFz1po\" rel=\"noreferrer noopener\" target=\"_blank\">https:\/\/bit.ly\/ProgramaDirigentesOSC-FSS<\/a><\/p>\n\n\n\n<p><img loading=\"lazy\" decoding=\"async\" height=\"16\" width=\"16\" alt=\"\ud83d\udcdc\" src=\"https:\/\/static.xx.fbcdn.net\/images\/emoji.php\/v9\/t4b\/1\/16\/1f4dc.png\"> Se entrega certificado de asistencia<\/p>\n","protected":false},"excerpt":{"rendered":"<p>Desde el Foro del Sector Social y la Fundacion Pro Humanae Vitae en conjunto con @pulso.fce y @extension.fce.unlp te invitamos a participar de esta propuesta pensada para quienes est\u00e1n al frente de organizaciones que trabajan d\u00eda a d\u00eda para fortalecer el liderazgo y la gesti\u00f3n en el sector social. Abril a diciembre 18 h 2 [&hellip;]<\/p>\n","protected":false},"author":5,"featured_media":1363,"comment_status":"closed","ping_status":"closed","sticky":false,"template":"","format":"standard","meta":{"footnotes":""},"categories":[1],"tags":[],"class_list":["post-1362","post","type-post","status-publish","format-standard","has-post-thumbnail","hentry","category-eventos"],"_links":{"self":[{"href":"https:\/\/fphv.org\/index.php?rest_route=\/wp\/v2\/posts\/1362","targetHints":{"allow":["GET"]}}],"collection":[{"href":"https:\/\/fphv.org\/index.php?rest_route=\/wp\/v2\/posts"}],"about":[{"href":"https:\/\/fphv.org\/index.php?rest_route=\/wp\/v2\/types\/post"}],"author":[{"embeddable":true,"href":"https:\/\/fphv.org\/index.php?rest_route=\/wp\/v2\/users\/5"}],"replies":[{"embeddable":true,"href":"https:\/\/fphv.org\/index.php?rest_route=%2Fwp%2Fv2%2Fcomments&post=1362"}],"version-history":[{"count":1,"href":"https:\/\/fphv.org\/index.php?rest_route=\/wp\/v2\/posts\/1362\/revisions"}],"predecessor-version":[{"id":1364,"href":"https:\/\/fphv.org\/index.php?rest_route=\/wp\/v2\/posts\/1362\/revisions\/1364"}],"wp:featuredmedia":[{"embeddable":true,"href":"https:\/\/fphv.org\/index.php?rest_route=\/wp\/v2\/media\/1363"}],"wp:attachment":[{"href":"https:\/\/fphv.org\/index.php?rest_route=%2Fwp%2Fv2%2Fmedia&parent=1362"}],"wp:term":[{"taxonomy":"category","embeddable":true,"href":"https:\/\/fphv.org\/index.php?rest_route=%2Fwp%2Fv2%2Fcategories&post=1362"},{"taxonomy":"post_tag","embeddable":true,"href":"https:\/\/fphv.org\/index.php?rest_route=%2Fwp%2Fv2%2Ftags&post=1362"}],"curies":[{"name":"wp","href":"https:\/\/api.w.org\/{rel}","templated":true}]}}