{"id":1359,"date":"2025-04-15T13:51:46","date_gmt":"2025-04-15T16:51:46","guid":{"rendered":"https:\/\/fphv.org\/?p=1359"},"modified":"2025-05-29T14:03:43","modified_gmt":"2025-05-29T17:03:43","slug":"que-sabes-sobre-dislexia","status":"publish","type":"post","link":"https:\/\/fphv.org\/?p=1359","title":{"rendered":"\u00bfQu\u00e9 sab\u00e9s sobre dislexia?"},"content":{"rendered":"\n<p>Te invitamos a participar de una charla abierta para reflexionar y aprender sobre esta condici\u00f3n desde una mirada interdisciplinaria y centrada en los derechos.<\/p>\n\n\n\n<p>\u201cHablemos de Dislexia\u201d<\/p>\n\n\n\n<p>Escuelas | Familia | Sociedad<\/p>\n\n\n\n<p><img decoding=\"async\" height=\"16\" width=\"16\" alt=\"\ud83d\udcc5\" src=\"https:\/\/static.xx.fbcdn.net\/images\/emoji.php\/v9\/t7e\/1\/16\/1f4c5.png\"> Viernes 25 de abril &#8211; 17:30 hs<\/p>\n\n\n\n<p><img decoding=\"async\" height=\"16\" width=\"16\" alt=\"\ud83d\udccd\" src=\"https:\/\/static.xx.fbcdn.net\/images\/emoji.php\/v9\/t2d\/1\/16\/1f4cd.png\"> Sede FPHV (8 esq. 53 n\u00b0 654, La Plata)<\/p>\n\n\n\n<p>Una jornada para pensar juntos c\u00f3mo acompa\u00f1ar desde la educaci\u00f3n, la familia y la comunidad.<\/p>\n\n\n\n<p>Con la participaci\u00f3n de especialistas en psicopedagog\u00eda, fonoaudiolog\u00eda, derecho y neuroeducaci\u00f3n.<\/p>\n\n\n\n<p><img decoding=\"async\" height=\"16\" width=\"16\" alt=\"\ud83d\udcdd\" src=\"https:\/\/static.xx.fbcdn.net\/images\/emoji.php\/v9\/tcc\/1\/16\/1f4dd.png\"> Se entregan certificados de asistencia con inscripci\u00f3n previa.<\/p>\n\n\n\n<p>Link de inscripci\u00f3n: <a href=\"https:\/\/l.facebook.com\/l.php?u=https%3A%2F%2Fforms.gle%2FECDbbTErR38F5ULx9%3Ffbclid%3DIwZXh0bgNhZW0CMTAAYnJpZBExS2thZUFYRUZIT1JiUmM2RgEeV3b4cXv7DHk0Ba3_1Dd9hjuNfDBafIgGxAJSIi-ci781WoJ3QYR3WpwQap8_aem_4RfPFJVpQq5u1WH8t_7xIg&amp;h=AT0behVMTLT-ArNU3THlwuKgY9RK7liXG-zztUUIhIMNLFB4Sv3FNI5Aj104HdElSEaDBAZhSGlrEVLy7qPr2tjF71jKTQenBKhmZ1ok-s8qisEScvPf2b0WcJ7aYoBx-SKvR5cJrneD8SVc&amp;__tn__=-UK-R&amp;c[0]=AT32VjizV7ZluURfbxHllR10i72Cn2RG0vIyL-0pb-Ih78dGFuYAy3VJwLtkVKdNUwpzOSxQAhuNm6E3Hm-ybRD3czgblMoo4m93Gy9tVTNElU2L20p1fg1Yndu-XD7fYvZ7ecUPFFAXbAepKis023s4Kn27iXgtSuKsLkizsniIALqmo6pI1OyZ3h7TpfcniLd0uM1wskP4AUwMBtlCXu2ELCg\" rel=\"noreferrer noopener\" target=\"_blank\">https:\/\/forms.gle\/ECDbbTErR38F5ULx9<\/a><\/p>\n\n\n\n<p>Organiza: Instituto de Familia Siglo XXI &#8211; Fundaci\u00f3n Pro Humanae Vitae<\/p>\n\n\n\n<p><a href=\"https:\/\/www.facebook.com\/hashtag\/dislexia?__eep__=6&amp;__cft__[0]=AZVLwMdXwWypkbDQ3aecJbfhSMjDqTUE-fBoArIhCyLKCejpHnbDMm8CrVB2KhR3tVK-4hf3MfwvyT7bPeLZaE16Ys9JOsQ8qCsClz74Y2SUJ73v2XceHiapbWJc1cIVdvtgU6EYAHEaYiDKSiKqnxTa2xwMFariJtyGSgDO0eX1qrq9ybidwbFb5c1jDtxBpDU&amp;__tn__=*NK-R\">#dislexia<\/a><a href=\"https:\/\/www.facebook.com\/hashtag\/charlaabierta?__eep__=6&amp;__cft__[0]=AZVLwMdXwWypkbDQ3aecJbfhSMjDqTUE-fBoArIhCyLKCejpHnbDMm8CrVB2KhR3tVK-4hf3MfwvyT7bPeLZaE16Ys9JOsQ8qCsClz74Y2SUJ73v2XceHiapbWJc1cIVdvtgU6EYAHEaYiDKSiKqnxTa2xwMFariJtyGSgDO0eX1qrq9ybidwbFb5c1jDtxBpDU&amp;__tn__=*NK-R\">#charlaabierta<\/a><a href=\"https:\/\/www.facebook.com\/hashtag\/fphv?__eep__=6&amp;__cft__[0]=AZVLwMdXwWypkbDQ3aecJbfhSMjDqTUE-fBoArIhCyLKCejpHnbDMm8CrVB2KhR3tVK-4hf3MfwvyT7bPeLZaE16Ys9JOsQ8qCsClz74Y2SUJ73v2XceHiapbWJc1cIVdvtgU6EYAHEaYiDKSiKqnxTa2xwMFariJtyGSgDO0eX1qrq9ybidwbFb5c1jDtxBpDU&amp;__tn__=*NK-R\">#fphv<\/a><a href=\"https:\/\/www.facebook.com\/hashtag\/inclusi%C3%B3neducativa?__eep__=6&amp;__cft__[0]=AZVLwMdXwWypkbDQ3aecJbfhSMjDqTUE-fBoArIhCyLKCejpHnbDMm8CrVB2KhR3tVK-4hf3MfwvyT7bPeLZaE16Ys9JOsQ8qCsClz74Y2SUJ73v2XceHiapbWJc1cIVdvtgU6EYAHEaYiDKSiKqnxTa2xwMFariJtyGSgDO0eX1qrq9ybidwbFb5c1jDtxBpDU&amp;__tn__=*NK-R\">#inclusi\u00f3neducativa<\/a><a href=\"https:\/\/www.facebook.com\/hashtag\/derechos?__eep__=6&amp;__cft__[0]=AZVLwMdXwWypkbDQ3aecJbfhSMjDqTUE-fBoArIhCyLKCejpHnbDMm8CrVB2KhR3tVK-4hf3MfwvyT7bPeLZaE16Ys9JOsQ8qCsClz74Y2SUJ73v2XceHiapbWJc1cIVdvtgU6EYAHEaYiDKSiKqnxTa2xwMFariJtyGSgDO0eX1qrq9ybidwbFb5c1jDtxBpDU&amp;__tn__=*NK-R\">#derechos<\/a><a href=\"https:\/\/www.facebook.com\/hashtag\/aprendizaje?__eep__=6&amp;__cft__[0]=AZVLwMdXwWypkbDQ3aecJbfhSMjDqTUE-fBoArIhCyLKCejpHnbDMm8CrVB2KhR3tVK-4hf3MfwvyT7bPeLZaE16Ys9JOsQ8qCsClz74Y2SUJ73v2XceHiapbWJc1cIVdvtgU6EYAHEaYiDKSiKqnxTa2xwMFariJtyGSgDO0eX1qrq9ybidwbFb5c1jDtxBpDU&amp;__tn__=*NK-R\">#aprendizaje<\/a><\/p>\n\n\n\n<p><\/p>\n","protected":false},"excerpt":{"rendered":"<p>Te invitamos a participar de una charla abierta para reflexionar y aprender sobre esta condici\u00f3n desde una mirada interdisciplinaria y centrada en los derechos. \u201cHablemos de Dislexia\u201d Escuelas | Familia | Sociedad Viernes 25 de abril &#8211; 17:30 hs Sede FPHV (8 esq. 53 n\u00b0 654, La Plata) Una jornada para pensar juntos c\u00f3mo acompa\u00f1ar [&hellip;]<\/p>\n","protected":false},"author":5,"featured_media":1360,"comment_status":"closed","ping_status":"closed","sticky":false,"template":"","format":"standard","meta":{"footnotes":""},"categories":[1],"tags":[],"class_list":["post-1359","post","type-post","status-publish","format-standard","has-post-thumbnail","hentry","category-eventos"],"_links":{"self":[{"href":"https:\/\/fphv.org\/index.php?rest_route=\/wp\/v2\/posts\/1359","targetHints":{"allow":["GET"]}}],"collection":[{"href":"https:\/\/fphv.org\/index.php?rest_route=\/wp\/v2\/posts"}],"about":[{"href":"https:\/\/fphv.org\/index.php?rest_route=\/wp\/v2\/types\/post"}],"author":[{"embeddable":true,"href":"https:\/\/fphv.org\/index.php?rest_route=\/wp\/v2\/users\/5"}],"replies":[{"embeddable":true,"href":"https:\/\/fphv.org\/index.php?rest_route=%2Fwp%2Fv2%2Fcomments&post=1359"}],"version-history":[{"count":1,"href":"https:\/\/fphv.org\/index.php?rest_route=\/wp\/v2\/posts\/1359\/revisions"}],"predecessor-version":[{"id":1361,"href":"https:\/\/fphv.org\/index.php?rest_route=\/wp\/v2\/posts\/1359\/revisions\/1361"}],"wp:featuredmedia":[{"embeddable":true,"href":"https:\/\/fphv.org\/index.php?rest_route=\/wp\/v2\/media\/1360"}],"wp:attachment":[{"href":"https:\/\/fphv.org\/index.php?rest_route=%2Fwp%2Fv2%2Fmedia&parent=1359"}],"wp:term":[{"taxonomy":"category","embeddable":true,"href":"https:\/\/fphv.org\/index.php?rest_route=%2Fwp%2Fv2%2Fcategories&post=1359"},{"taxonomy":"post_tag","embeddable":true,"href":"https:\/\/fphv.org\/index.php?rest_route=%2Fwp%2Fv2%2Ftags&post=1359"}],"curies":[{"name":"wp","href":"https:\/\/api.w.org\/{rel}","templated":true}]}}