{"id":1356,"date":"2025-04-10T13:34:43","date_gmt":"2025-04-10T16:34:43","guid":{"rendered":"https:\/\/fphv.org\/?p=1356"},"modified":"2025-05-29T14:16:25","modified_gmt":"2025-05-29T17:16:25","slug":"invitacion-especial-para-osc","status":"publish","type":"post","link":"https:\/\/fphv.org\/?p=1356","title":{"rendered":"\u00a1Invitaci\u00f3n especial para OSC!"},"content":{"rendered":"\n<p>Programa de Capacitaci\u00f3n: Academia de Comunicaci\u00f3n Institucional y Estrategia para las OSC<\/p>\n\n\n\n<p>Desde el Foro del Sector Social junto a la Fundaci\u00f3n Pro Humanae Vitae, te invitamos a participar de este espacio \u00fanico de formaci\u00f3n, dise\u00f1ado para fortalecer y potenciar las habilidades comunicacionales de las Organizaciones de la Sociedad Civil (OSC).<\/p>\n\n\n\n<p><img decoding=\"async\" height=\"16\" width=\"16\" alt=\"\ud83d\udccc\" src=\"https:\/\/static.xx.fbcdn.net\/images\/emoji.php\/v9\/tac\/1\/16\/1f4cc.png\"> \u00bfQu\u00e9 incluye?<\/p>\n\n\n\n<p><img decoding=\"async\" height=\"16\" width=\"16\" alt=\"\u2714\" src=\"https:\/\/static.xx.fbcdn.net\/images\/emoji.php\/v9\/t51\/1\/16\/2714.png\"> 9 encuentros virtuales y sincr\u00f3nicos (de abril a diciembre)<\/p>\n\n\n\n<p><img decoding=\"async\" height=\"16\" width=\"16\" alt=\"\u2714\" src=\"https:\/\/static.xx.fbcdn.net\/images\/emoji.php\/v9\/t51\/1\/16\/2714.png\"> Actividad gratuita (con inscripci\u00f3n previa)<\/p>\n\n\n\n<p><img decoding=\"async\" height=\"16\" width=\"16\" alt=\"\u2714\" src=\"https:\/\/static.xx.fbcdn.net\/images\/emoji.php\/v9\/t51\/1\/16\/2714.png\"> Certificado de participaci\u00f3n<\/p>\n\n\n\n<p><img decoding=\"async\" height=\"16\" width=\"16\" alt=\"\ud83c\udf1f\" src=\"https:\/\/static.xx.fbcdn.net\/images\/emoji.php\/v9\/te0\/1\/16\/1f31f.png\"> \u00a1No te pierdas el primer encuentro!<\/p>\n\n\n\n<p>Tema: \u201cEstrategia y Visi\u00f3n del Tercer Sector\u201d<\/p>\n\n\n\n<p>Expositor: Federico Rey Lennon<\/p>\n\n\n\n<p><img loading=\"lazy\" decoding=\"async\" height=\"16\" width=\"16\" alt=\"\ud83d\udcc5\" src=\"https:\/\/static.xx.fbcdn.net\/images\/emoji.php\/v9\/t7e\/1\/16\/1f4c5.png\"> Fecha: Lunes 14 de abril | <img loading=\"lazy\" decoding=\"async\" height=\"16\" width=\"16\" alt=\"\ud83d\udd56\" src=\"https:\/\/static.xx.fbcdn.net\/images\/emoji.php\/v9\/tae\/1\/16\/1f556.png\"> Hora: 19:00 hs<\/p>\n\n\n\n<p><img loading=\"lazy\" decoding=\"async\" height=\"16\" width=\"16\" alt=\"\ud83d\udd17\" src=\"https:\/\/static.xx.fbcdn.net\/images\/emoji.php\/v9\/tb3\/1\/16\/1f517.png\"> Inscr\u00edbete ahora: <a href=\"https:\/\/l.facebook.com\/l.php?u=https%3A%2F%2Fbit.ly%2FAcademiaComunicacion-FSS%3Ffbclid%3DIwZXh0bgNhZW0CMTAAYnJpZBExS2thZUFYRUZIT1JiUmM2RgEeHQxOd3pbWYrSW8Wymrhsq9xabE22_2qg83ANt12psIqZx2tiYqhh4rfkphE_aem_HmwRbDWwvEHvN7zuZxxELg&amp;h=AT1I-C7YGQKYpCk2PZz3uSPYtnI07hA5j_ZToSiNuPbeLLKNBPYvyC2-TvMw9T3xAP8lgMKFTKbU2S00scauX7NIRrGBwra6VVpf2bKvWzGY0qI-RTIMDYjFEWJ8KQamQ7GUzDY3-J6rz7J-&amp;__tn__=-UK-R&amp;c[0]=AT2jfXjB1CTaYbnKnXXBcPTsrJSiIbta7El6QhElZ2tIrpCRkABwuIILLFiAvCr1ibrOYtPnhv9YX59fYHhwQHiSmmLgJeCLnGp_eYXCohD-T9Dp90775EiNlIIp1xR9tzr4vdXjPmKEQiNGRsXO0T003lwWv1eIDjkxZNobeh28uUjmkp6gcjjDTYS6QsvkAYv_saLbc7RHOtP0Srrq-zNF5tQ\" rel=\"noreferrer noopener\" target=\"_blank\">https:\/\/bit.ly\/AcademiaComunicacion-FSS<\/a><\/p>\n\n\n\n<p>\u00a1Sumate a esta oportunidad para profesionalizar la comunicaci\u00f3n de tu organizaci\u00f3n y ampliar su impacto!<\/p>\n","protected":false},"excerpt":{"rendered":"<p>Programa de Capacitaci\u00f3n: Academia de Comunicaci\u00f3n Institucional y Estrategia para las OSC Desde el Foro del Sector Social junto a la Fundaci\u00f3n Pro Humanae Vitae, te invitamos a participar de este espacio \u00fanico de formaci\u00f3n, dise\u00f1ado para fortalecer y potenciar las habilidades comunicacionales de las Organizaciones de la Sociedad Civil (OSC). \u00bfQu\u00e9 incluye? 9 encuentros [&hellip;]<\/p>\n","protected":false},"author":5,"featured_media":1357,"comment_status":"closed","ping_status":"closed","sticky":false,"template":"","format":"standard","meta":{"footnotes":""},"categories":[1],"tags":[],"class_list":["post-1356","post","type-post","status-publish","format-standard","has-post-thumbnail","hentry","category-eventos"],"_links":{"self":[{"href":"https:\/\/fphv.org\/index.php?rest_route=\/wp\/v2\/posts\/1356","targetHints":{"allow":["GET"]}}],"collection":[{"href":"https:\/\/fphv.org\/index.php?rest_route=\/wp\/v2\/posts"}],"about":[{"href":"https:\/\/fphv.org\/index.php?rest_route=\/wp\/v2\/types\/post"}],"author":[{"embeddable":true,"href":"https:\/\/fphv.org\/index.php?rest_route=\/wp\/v2\/users\/5"}],"replies":[{"embeddable":true,"href":"https:\/\/fphv.org\/index.php?rest_route=%2Fwp%2Fv2%2Fcomments&post=1356"}],"version-history":[{"count":1,"href":"https:\/\/fphv.org\/index.php?rest_route=\/wp\/v2\/posts\/1356\/revisions"}],"predecessor-version":[{"id":1358,"href":"https:\/\/fphv.org\/index.php?rest_route=\/wp\/v2\/posts\/1356\/revisions\/1358"}],"wp:featuredmedia":[{"embeddable":true,"href":"https:\/\/fphv.org\/index.php?rest_route=\/wp\/v2\/media\/1357"}],"wp:attachment":[{"href":"https:\/\/fphv.org\/index.php?rest_route=%2Fwp%2Fv2%2Fmedia&parent=1356"}],"wp:term":[{"taxonomy":"category","embeddable":true,"href":"https:\/\/fphv.org\/index.php?rest_route=%2Fwp%2Fv2%2Fcategories&post=1356"},{"taxonomy":"post_tag","embeddable":true,"href":"https:\/\/fphv.org\/index.php?rest_route=%2Fwp%2Fv2%2Ftags&post=1356"}],"curies":[{"name":"wp","href":"https:\/\/api.w.org\/{rel}","templated":true}]}}