{"id":1353,"date":"2025-04-03T13:33:03","date_gmt":"2025-04-03T16:33:03","guid":{"rendered":"https:\/\/fphv.org\/?p=1353"},"modified":"2025-05-29T13:34:40","modified_gmt":"2025-05-29T16:34:40","slug":"fortaleciendo-redes-para-el-crecimiento-de-las-mujeres-emprendedoras","status":"publish","type":"post","link":"https:\/\/fphv.org\/?p=1353","title":{"rendered":"Fortaleciendo redes para el crecimiento de las mujeres emprendedoras"},"content":{"rendered":"\n<p>La presidenta del Instituto de la Mujer Natalia Raciti de la FPHV, participo en la Mesa de Mujeres Empresarias y Emprendedoras de La Plata y la regi\u00f3n capital, un espacio clave para potenciar el rol de las mujeres en la producci\u00f3n y generaci\u00f3n de empleo.<\/p>\n\n\n\n<p>El encuentro cont\u00f3 con la presencia de la ministra de las Mujeres, Pol\u00edticas de G\u00e9nero y Diversidad Sexual de la Provincia de Buenos Aires, Estela D\u00edaz, el intendente de La Plata, Julio Alak, y representantes de la Secretar\u00eda de Producci\u00f3n e Innovaci\u00f3n Tecnol\u00f3gica de La Plata, el Ministerio de Producci\u00f3n de la Provincia y el Banco Provincia, entre otras instituciones comprometidas con el desarrollo productivo con perspectiva de g\u00e9nero.<\/p>\n\n\n\n<p>Junto a autoridades provinciales y municipales, se presentaron herramientas concretas para impulsar el desarrollo productivo con perspectiva de g\u00e9nero, como la Incubadora de Empresas, la Escuela Productiva Bonaerense y l\u00edneas de financiamiento que promueven la autonom\u00eda econ\u00f3mica.<\/p>\n\n\n\n<p><img decoding=\"async\" height=\"16\" width=\"16\" alt=\"\ud83d\udca1\" src=\"https:\/\/static.xx.fbcdn.net\/images\/emoji.php\/v9\/t3c\/1\/16\/1f4a1.png\"> Se escucharon experiencias inspiradoras de empresarias, emprendedoras y cooperativistas que d\u00eda a d\u00eda transforman la realidad productiva de nuestra provincia.<\/p>\n\n\n\n<p><a href=\"https:\/\/www.facebook.com\/hashtag\/mujeresemprendedoras?__eep__=6&amp;__cft__[0]=AZXtvBPeL5Q_xh0kGMqU9j48vbFAQxuS_EWy42d6QqAHDwu8n2LoTQD6cVNBUum2T_OwloTg5hFieswXvNIhndaCnD-I5clbXGoKNbHc3_Cv6cfVJuckDsPbrPAKOWDskOaoneyC01w0N49YHrEcXkThU0BcdRCW019qy3ZI--m_6BRKeFpEfL-6vfd27ywAlbw&amp;__tn__=*NK-R\">#mujeresemprendedoras<\/a><img decoding=\"async\" height=\"16\" width=\"16\" alt=\"\ud83d\ude0a\" src=\"https:\/\/static.xx.fbcdn.net\/images\/emoji.php\/v9\/t7f\/1\/16\/1f60a.png\"><a href=\"https:\/\/www.facebook.com\/hashtag\/producci%C3%B3nconperspectivadeg%C3%A9nero?__eep__=6&amp;__cft__[0]=AZXtvBPeL5Q_xh0kGMqU9j48vbFAQxuS_EWy42d6QqAHDwu8n2LoTQD6cVNBUum2T_OwloTg5hFieswXvNIhndaCnD-I5clbXGoKNbHc3_Cv6cfVJuckDsPbrPAKOWDskOaoneyC01w0N49YHrEcXkThU0BcdRCW019qy3ZI--m_6BRKeFpEfL-6vfd27ywAlbw&amp;__tn__=*NK-R\">#producci\u00f3nconperspectivadeg\u00e9nero<\/a><a href=\"https:\/\/www.facebook.com\/hashtag\/igualdaddeoportunidades?__eep__=6&amp;__cft__[0]=AZXtvBPeL5Q_xh0kGMqU9j48vbFAQxuS_EWy42d6QqAHDwu8n2LoTQD6cVNBUum2T_OwloTg5hFieswXvNIhndaCnD-I5clbXGoKNbHc3_Cv6cfVJuckDsPbrPAKOWDskOaoneyC01w0N49YHrEcXkThU0BcdRCW019qy3ZI--m_6BRKeFpEfL-6vfd27ywAlbw&amp;__tn__=*NK-R\">#igualdaddeoportunidades<\/a><a href=\"https:\/\/www.facebook.com\/hashtag\/institutodelamujer?__eep__=6&amp;__cft__[0]=AZXtvBPeL5Q_xh0kGMqU9j48vbFAQxuS_EWy42d6QqAHDwu8n2LoTQD6cVNBUum2T_OwloTg5hFieswXvNIhndaCnD-I5clbXGoKNbHc3_Cv6cfVJuckDsPbrPAKOWDskOaoneyC01w0N49YHrEcXkThU0BcdRCW019qy3ZI--m_6BRKeFpEfL-6vfd27ywAlbw&amp;__tn__=*NK-R\">#institutodelamujer<\/a><a href=\"https:\/\/www.facebook.com\/hashtag\/fphv?__eep__=6&amp;__cft__[0]=AZXtvBPeL5Q_xh0kGMqU9j48vbFAQxuS_EWy42d6QqAHDwu8n2LoTQD6cVNBUum2T_OwloTg5hFieswXvNIhndaCnD-I5clbXGoKNbHc3_Cv6cfVJuckDsPbrPAKOWDskOaoneyC01w0N49YHrEcXkThU0BcdRCW019qy3ZI--m_6BRKeFpEfL-6vfd27ywAlbw&amp;__tn__=*NK-R\">#fphv<\/a><\/p>\n","protected":false},"excerpt":{"rendered":"<p>La presidenta del Instituto de la Mujer Natalia Raciti de la FPHV, participo en la Mesa de Mujeres Empresarias y Emprendedoras de La Plata y la regi\u00f3n capital, un espacio clave para potenciar el rol de las mujeres en la producci\u00f3n y generaci\u00f3n de empleo. El encuentro cont\u00f3 con la presencia de la ministra de [&hellip;]<\/p>\n","protected":false},"author":5,"featured_media":1354,"comment_status":"closed","ping_status":"closed","sticky":false,"template":"","format":"standard","meta":{"footnotes":""},"categories":[2],"tags":[],"class_list":["post-1353","post","type-post","status-publish","format-standard","has-post-thumbnail","hentry","category-prensa"],"_links":{"self":[{"href":"https:\/\/fphv.org\/index.php?rest_route=\/wp\/v2\/posts\/1353","targetHints":{"allow":["GET"]}}],"collection":[{"href":"https:\/\/fphv.org\/index.php?rest_route=\/wp\/v2\/posts"}],"about":[{"href":"https:\/\/fphv.org\/index.php?rest_route=\/wp\/v2\/types\/post"}],"author":[{"embeddable":true,"href":"https:\/\/fphv.org\/index.php?rest_route=\/wp\/v2\/users\/5"}],"replies":[{"embeddable":true,"href":"https:\/\/fphv.org\/index.php?rest_route=%2Fwp%2Fv2%2Fcomments&post=1353"}],"version-history":[{"count":1,"href":"https:\/\/fphv.org\/index.php?rest_route=\/wp\/v2\/posts\/1353\/revisions"}],"predecessor-version":[{"id":1355,"href":"https:\/\/fphv.org\/index.php?rest_route=\/wp\/v2\/posts\/1353\/revisions\/1355"}],"wp:featuredmedia":[{"embeddable":true,"href":"https:\/\/fphv.org\/index.php?rest_route=\/wp\/v2\/media\/1354"}],"wp:attachment":[{"href":"https:\/\/fphv.org\/index.php?rest_route=%2Fwp%2Fv2%2Fmedia&parent=1353"}],"wp:term":[{"taxonomy":"category","embeddable":true,"href":"https:\/\/fphv.org\/index.php?rest_route=%2Fwp%2Fv2%2Fcategories&post=1353"},{"taxonomy":"post_tag","embeddable":true,"href":"https:\/\/fphv.org\/index.php?rest_route=%2Fwp%2Fv2%2Ftags&post=1353"}],"curies":[{"name":"wp","href":"https:\/\/api.w.org\/{rel}","templated":true}]}}