{"id":1350,"date":"2025-04-02T13:28:04","date_gmt":"2025-04-02T16:28:04","guid":{"rendered":"https:\/\/fphv.org\/?p=1350"},"modified":"2025-05-29T13:32:33","modified_gmt":"2025-05-29T16:32:33","slug":"2-de-abril-dia-del-veterano-y-de-los-caidos-en-la-guerra-de-malvinas-2","status":"publish","type":"post","link":"https:\/\/fphv.org\/?p=1350","title":{"rendered":"2 de Abril &#8211; D\u00eda del Veterano y de los Ca\u00eddos en la Guerra de Malvinas"},"content":{"rendered":"\n<p>Hoy <a><\/a>honramos a quienes defendieron nuestra soberan\u00eda con valent\u00eda y recordamos con orgullo a aquellos que dieron su vida en las Islas Malvinas.<\/p>\n\n\n\n<p><a href=\"https:\/\/www.facebook.com\/hashtag\/malvinasargentinas?__eep__=6&amp;__cft__[0]=AZXx4OuqtyaT5z3dn4XzVzXNfZkpSLBpdrJPeme7n9IkvRhCXavpG9PLTgYHGMO-h82H1ecoJBgw1xGpiEHUjr2hDkyiG9uJAkCHjvndKfaXz731qJtqABbL9m0WL1vvx--zyAA-vJcMTaHfSDMnQMFjyIW1kxSMwF1dF--ggfxSkCfZL6I9iuOQzPzFGGy9748&amp;__tn__=*NK-R\">#malvinasargentinas<\/a><img decoding=\"async\" height=\"16\" width=\"16\" alt=\"\ud83c\udde6\ud83c\uddf7\" src=\"https:\/\/static.xx.fbcdn.net\/images\/emoji.php\/v9\/t48\/1\/16\/1f1e6_1f1f7.png\"><a href=\"https:\/\/www.facebook.com\/hashtag\/2deabril?__eep__=6&amp;__cft__[0]=AZXx4OuqtyaT5z3dn4XzVzXNfZkpSLBpdrJPeme7n9IkvRhCXavpG9PLTgYHGMO-h82H1ecoJBgw1xGpiEHUjr2hDkyiG9uJAkCHjvndKfaXz731qJtqABbL9m0WL1vvx--zyAA-vJcMTaHfSDMnQMFjyIW1kxSMwF1dF--ggfxSkCfZL6I9iuOQzPzFGGy9748&amp;__tn__=*NK-R\">#2deabril<\/a><a href=\"https:\/\/www.facebook.com\/hashtag\/soberan%C3%ADanacional?__eep__=6&amp;__cft__[0]=AZXx4OuqtyaT5z3dn4XzVzXNfZkpSLBpdrJPeme7n9IkvRhCXavpG9PLTgYHGMO-h82H1ecoJBgw1xGpiEHUjr2hDkyiG9uJAkCHjvndKfaXz731qJtqABbL9m0WL1vvx--zyAA-vJcMTaHfSDMnQMFjyIW1kxSMwF1dF--ggfxSkCfZL6I9iuOQzPzFGGy9748&amp;__tn__=*NK-R\">#soberan\u00edanacional<\/a><\/p>\n\n\n\n<p><a href=\"https:\/\/l.facebook.com\/l.php?u=https%3A%2F%2Fwww.instagram.com%2F_u%2Ffphvarg%3Ffbclid%3DIwZXh0bgNhZW0CMTAAYnJpZBExS2thZUFYRUZIT1JiUmM2RgEen5WwlH7gwR0s8KviA5_M5SGymnf-xdPakwLhqmhZL0zwx0kbfFT_-ziWRGU_aem_-MY5_LROVq_EpVYbSHmR2g&amp;h=AT1LkhjlhwrZsQt1YWpyDxMakBXUSGOAkApS5kWvF6C9SFWwoJjZWSBK0fUVUX9eM7O7HDE-bR-RSPjU6l97rZonSxbpinVRGUV9vteiPJGJllvsH2m-rxmKjqp4V3eTW3D4&amp;__tn__=-UK-R&amp;c[0]=AT0Jpv_0fvqYD31C8THz3ZTDK5jzHL1CImJhgVtC0j89BnYCmeWZnV6TF7heXzGlyDIroyg_pDSf6kzogFFmOtf3fwSSNGT9Nnm1X-jWI58n60-ycy26Gbhvqq9nNywW6rjtP1_jWwBGiF2rc4jEQHT70Q0tPZSouljqLTHIGI_2-kFNc7bdW7hOXe1aIfbcZ-GkktKMDoqxa8R1I281bTVlDoc\" rel=\"noreferrer noopener\" target=\"_blank\">@fphvarg<\/a><a href=\"https:\/\/www.instagram.com\/_u\/rafaelvelazquezarg?fbclid=IwZXh0bgNhZW0CMTAAYnJpZBExS2thZUFYRUZIT1JiUmM2RgEeV3b4cXv7DHk0Ba3_1Dd9hjuNfDBafIgGxAJSIi-ci781WoJ3QYR3WpwQap8_aem_4RfPFJVpQq5u1WH8t_7xIg\" rel=\"noreferrer noopener\" target=\"_blank\">@rafaelvelazquezarg<\/a><\/p>\n\n\n\n<p><\/p>\n","protected":false},"excerpt":{"rendered":"<p>Hoy honramos a quienes defendieron nuestra soberan\u00eda con valent\u00eda y recordamos con orgullo a aquellos que dieron su vida en las Islas Malvinas. #malvinasargentinas#2deabril#soberan\u00edanacional @fphvarg@rafaelvelazquezarg<\/p>\n","protected":false},"author":5,"featured_media":1351,"comment_status":"closed","ping_status":"closed","sticky":false,"template":"","format":"standard","meta":{"footnotes":""},"categories":[1],"tags":[],"class_list":["post-1350","post","type-post","status-publish","format-standard","has-post-thumbnail","hentry","category-eventos"],"_links":{"self":[{"href":"https:\/\/fphv.org\/index.php?rest_route=\/wp\/v2\/posts\/1350","targetHints":{"allow":["GET"]}}],"collection":[{"href":"https:\/\/fphv.org\/index.php?rest_route=\/wp\/v2\/posts"}],"about":[{"href":"https:\/\/fphv.org\/index.php?rest_route=\/wp\/v2\/types\/post"}],"author":[{"embeddable":true,"href":"https:\/\/fphv.org\/index.php?rest_route=\/wp\/v2\/users\/5"}],"replies":[{"embeddable":true,"href":"https:\/\/fphv.org\/index.php?rest_route=%2Fwp%2Fv2%2Fcomments&post=1350"}],"version-history":[{"count":1,"href":"https:\/\/fphv.org\/index.php?rest_route=\/wp\/v2\/posts\/1350\/revisions"}],"predecessor-version":[{"id":1352,"href":"https:\/\/fphv.org\/index.php?rest_route=\/wp\/v2\/posts\/1350\/revisions\/1352"}],"wp:featuredmedia":[{"embeddable":true,"href":"https:\/\/fphv.org\/index.php?rest_route=\/wp\/v2\/media\/1351"}],"wp:attachment":[{"href":"https:\/\/fphv.org\/index.php?rest_route=%2Fwp%2Fv2%2Fmedia&parent=1350"}],"wp:term":[{"taxonomy":"category","embeddable":true,"href":"https:\/\/fphv.org\/index.php?rest_route=%2Fwp%2Fv2%2Fcategories&post=1350"},{"taxonomy":"post_tag","embeddable":true,"href":"https:\/\/fphv.org\/index.php?rest_route=%2Fwp%2Fv2%2Ftags&post=1350"}],"curies":[{"name":"wp","href":"https:\/\/api.w.org\/{rel}","templated":true}]}}