{"id":1340,"date":"2025-03-18T15:50:48","date_gmt":"2025-03-18T18:50:48","guid":{"rendered":"https:\/\/fphv.org\/?p=1340"},"modified":"2025-04-03T16:06:55","modified_gmt":"2025-04-03T19:06:55","slug":"tardes-platenses-de-te-3","status":"publish","type":"post","link":"https:\/\/fphv.org\/?p=1340","title":{"rendered":"TARDES PLATENSES DE T\u00c9"},"content":{"rendered":"\n<p>El pasado jueves 13 de marzo se llev\u00f3 a cabo el encuentro de Tardes Platenses de T\u00e9 en Green Rabbit Town, ubicado en calle 4 y 54. El encuentro reuni\u00f3 a emprendedoras destacadas de la ciudad y figuras locales, impulsado por la fundadora de la Fundaci\u00f3n Pro Humanae Vitae, Graciela S\u00e1nchez.<\/p>\n\n\n\n<p>Fue un espacio de inspiraci\u00f3n y empoderamiento donde se compartieron ideas y experiencias en un ambiente relajado y ameno. Se realizaron reconocimientos especiales a Vilca Della Cha, por su compromiso y acompa\u00f1amiento a la FPHV durante muchos a\u00f1os, as\u00ed como tambi\u00e9n a Cecilia Chen, due\u00f1a del restaurante Green Rabbit Town, por su generosa acogida y apoyo.<\/p>\n\n\n\n<p>Estuvo presente Paula Lambertini, secretaria de educaci\u00f3n de La Plata. \u00bfQuieres ser parte de este gran encuentro? S\u00edguenos y no te pierdas de los pr\u00f3ximos encuentros.<\/p>\n\n\n\n<p>\u00a1Gracias a todas las que hicieron posible este evento!<\/p>\n\n\n\n<p><a href=\"https:\/\/www.facebook.com\/hashtag\/tardesplatensesdete?__eep__=6&amp;__cft__[0]=AZUmTvpl4M2uhv6xm0wps8vlBex9jFOPh9uGgBymBtB9rk2kTW_1VAu4vwqE7bnR39NZzO83zidym-rNU-_qNHlOutPJvUuPs-5bxNFje3cHwJZgM4KcAOoyOynHUkEFWVomJ2SOe7hxk7sBK3ao41TgadVmk06-FkuxDgI-E4FJv6rRDVrabrsLha_9IBpg5_k&amp;__tn__=*NK-R\">#tardesplatensesdete<\/a><a href=\"https:\/\/www.facebook.com\/hashtag\/fundaci%C3%B3nprohumanaevitae?__eep__=6&amp;__cft__[0]=AZUmTvpl4M2uhv6xm0wps8vlBex9jFOPh9uGgBymBtB9rk2kTW_1VAu4vwqE7bnR39NZzO83zidym-rNU-_qNHlOutPJvUuPs-5bxNFje3cHwJZgM4KcAOoyOynHUkEFWVomJ2SOe7hxk7sBK3ao41TgadVmk06-FkuxDgI-E4FJv6rRDVrabrsLha_9IBpg5_k&amp;__tn__=*NK-R\">#Fundaci\u00f3nProHumanaeVitae<\/a><a href=\"https:\/\/www.facebook.com\/hashtag\/greenrabbittown?__eep__=6&amp;__cft__[0]=AZUmTvpl4M2uhv6xm0wps8vlBex9jFOPh9uGgBymBtB9rk2kTW_1VAu4vwqE7bnR39NZzO83zidym-rNU-_qNHlOutPJvUuPs-5bxNFje3cHwJZgM4KcAOoyOynHUkEFWVomJ2SOe7hxk7sBK3ao41TgadVmk06-FkuxDgI-E4FJv6rRDVrabrsLha_9IBpg5_k&amp;__tn__=*NK-R\">#greenrabbittown<\/a><a href=\"https:\/\/www.facebook.com\/hashtag\/laplata?__eep__=6&amp;__cft__[0]=AZUmTvpl4M2uhv6xm0wps8vlBex9jFOPh9uGgBymBtB9rk2kTW_1VAu4vwqE7bnR39NZzO83zidym-rNU-_qNHlOutPJvUuPs-5bxNFje3cHwJZgM4KcAOoyOynHUkEFWVomJ2SOe7hxk7sBK3ao41TgadVmk06-FkuxDgI-E4FJv6rRDVrabrsLha_9IBpg5_k&amp;__tn__=*NK-R\">#laplata<\/a><\/p>\n\n\n\n<p><\/p>\n","protected":false},"excerpt":{"rendered":"<p>El pasado jueves 13 de marzo se llev\u00f3 a cabo el encuentro de Tardes Platenses de T\u00e9 en Green Rabbit Town, ubicado en calle 4 y 54. El encuentro reuni\u00f3 a emprendedoras destacadas de la ciudad y figuras locales, impulsado por la fundadora de la Fundaci\u00f3n Pro Humanae Vitae, Graciela S\u00e1nchez. Fue un espacio de [&hellip;]<\/p>\n","protected":false},"author":5,"featured_media":1342,"comment_status":"closed","ping_status":"closed","sticky":false,"template":"","format":"standard","meta":{"footnotes":""},"categories":[1],"tags":[],"class_list":["post-1340","post","type-post","status-publish","format-standard","has-post-thumbnail","hentry","category-eventos"],"_links":{"self":[{"href":"https:\/\/fphv.org\/index.php?rest_route=\/wp\/v2\/posts\/1340","targetHints":{"allow":["GET"]}}],"collection":[{"href":"https:\/\/fphv.org\/index.php?rest_route=\/wp\/v2\/posts"}],"about":[{"href":"https:\/\/fphv.org\/index.php?rest_route=\/wp\/v2\/types\/post"}],"author":[{"embeddable":true,"href":"https:\/\/fphv.org\/index.php?rest_route=\/wp\/v2\/users\/5"}],"replies":[{"embeddable":true,"href":"https:\/\/fphv.org\/index.php?rest_route=%2Fwp%2Fv2%2Fcomments&post=1340"}],"version-history":[{"count":1,"href":"https:\/\/fphv.org\/index.php?rest_route=\/wp\/v2\/posts\/1340\/revisions"}],"predecessor-version":[{"id":1341,"href":"https:\/\/fphv.org\/index.php?rest_route=\/wp\/v2\/posts\/1340\/revisions\/1341"}],"wp:featuredmedia":[{"embeddable":true,"href":"https:\/\/fphv.org\/index.php?rest_route=\/wp\/v2\/media\/1342"}],"wp:attachment":[{"href":"https:\/\/fphv.org\/index.php?rest_route=%2Fwp%2Fv2%2Fmedia&parent=1340"}],"wp:term":[{"taxonomy":"category","embeddable":true,"href":"https:\/\/fphv.org\/index.php?rest_route=%2Fwp%2Fv2%2Fcategories&post=1340"},{"taxonomy":"post_tag","embeddable":true,"href":"https:\/\/fphv.org\/index.php?rest_route=%2Fwp%2Fv2%2Ftags&post=1340"}],"curies":[{"name":"wp","href":"https:\/\/api.w.org\/{rel}","templated":true}]}}