{"id":1307,"date":"2024-12-12T18:16:02","date_gmt":"2024-12-12T21:16:02","guid":{"rendered":"https:\/\/fphv.org\/?p=1307"},"modified":"2024-12-26T18:19:30","modified_gmt":"2024-12-26T21:19:30","slug":"conversatorio-sobre-el-derecho-de-las-personas-mayores-en-claromeco","status":"publish","type":"post","link":"https:\/\/fphv.org\/?p=1307","title":{"rendered":"CONVERSATORIO SOBRE EL DERECHO DE LAS PERSONAS MAYORES EN CLAROMEC\u00d3"},"content":{"rendered":"\n<p>Hace unos d\u00edas el Instituto de la Nueva Edad de la Fundaci\u00f3n Pro Humanae Vitae, a trav\u00e9s de su directora Sandra Campos brind\u00f3 una charla sobre los &#8220;Derechos de las Personas Mayores y Longevidad Positiva&#8221; en Claromec\u00f3, Provincia de Buenos Aires.<\/p>\n\n\n\n<p>La Biblioteca Popular de Claromec\u00f3 &#8220;Dr. Bernardo A. Houssay&#8221; abri\u00f3 sus puertas para constituirse como sede de la concurrida charla a la que asistieron m\u00e1s de 30 vecinos <a><\/a>interesados en la tem\u00e1tica.<\/p>\n\n\n\n<p>Del encuentro, aprovechando la diversidad de perfiles de los concurrentes, surgi\u00f3 el armado de un grupo para poner manos a la obra en temas que hoy preocupan a la comunidad.<\/p>\n\n\n\n<p>Agradecemos a la gente de Cultura,de la Biblioteca y tambi\u00e9n la colaboraci\u00f3n de &#8220;Radio Comunidad Claromec\u00f3&#8221; que se comprometi\u00f3 y colabor\u00f3 con la difusi\u00f3n de la actividad y realiz\u00f3 una extensa nota previa al encuentro.<\/p>\n\n\n\n<p><a href=\"https:\/\/www.facebook.com\/hashtag\/fphv?__eep__=6&amp;__cft__[0]=AZVF5lul8RE7DOU4aWj2awbuReHXa0cksVhZm9Y6-4xFEGaCNJ-3-S2yfayFJHbiTT3bQxPXeVzQmGngfprOdrzkj1o24kOJtUnkiBu7n9sYhPshGUQR6cY9t_hRqQ4MP_ZzW-rwW6ZZyYWBRLjj8lLseSWnILbimRo2IMAi_DB-ZChMb4sDXEQeK_EnazTiMB8&amp;__tn__=*NK-R\">#FPHV<\/a><a href=\"https:\/\/www.facebook.com\/hashtag\/nuevaedad?__eep__=6&amp;__cft__[0]=AZVF5lul8RE7DOU4aWj2awbuReHXa0cksVhZm9Y6-4xFEGaCNJ-3-S2yfayFJHbiTT3bQxPXeVzQmGngfprOdrzkj1o24kOJtUnkiBu7n9sYhPshGUQR6cY9t_hRqQ4MP_ZzW-rwW6ZZyYWBRLjj8lLseSWnILbimRo2IMAi_DB-ZChMb4sDXEQeK_EnazTiMB8&amp;__tn__=*NK-R\">#nuevaedad<\/a><a href=\"https:\/\/l.facebook.com\/l.php?u=https%3A%2F%2Fwww.instagram.com%2F_u%2Fnueva_edad%3Ffbclid%3DIwZXh0bgNhZW0CMTAAAR3DcM_ReBWmYqo_OQiV-dxAR-rK1TCxgaCcPi8BDtepq8hWXZFZ_B7GY9Q_aem_C6Heuh2AkPyHjBlcQvv6mA&amp;h=AT2g4rBX3yMSQuVugQ5YTaajGY5PMw-5gJ6_mFKNAseZ2GeJVVcKoz7f7_QS_qaAzBKows8jgLhkQrVkpSRGIDJzGhBdRBLKtBr70vaH949kb18Ry47KxCW-SQC7L338RSwc&amp;__tn__=-UK-R&amp;c[0]=AT147ve5VIAnukvA0_QQLWLg7Kj6iNBK3t1xXJyV9_kqpOQJNX-tZ7Es0UeFKgkkllGjxjByqAZo1GzCEu0uPSMHlHC0Qn2AsWNIpBT7Nd_R2SCgbw9BitTgch2P25Okko8u7liWYoMEoprUkJ7j_QOak338MJQHm7uYCiOMbbKcr34rh4tM1aYk1vr5x3xy8fT8ktT-n0K0bNQS2NMRiQRBRg\" rel=\"noreferrer noopener\" target=\"_blank\">@nueva_edad<\/a><\/p>\n\n\n\n<p><\/p>\n","protected":false},"excerpt":{"rendered":"<p>Hace unos d\u00edas el Instituto de la Nueva Edad de la Fundaci\u00f3n Pro Humanae Vitae, a trav\u00e9s de su directora Sandra Campos brind\u00f3 una charla sobre los &#8220;Derechos de las Personas Mayores y Longevidad Positiva&#8221; en Claromec\u00f3, Provincia de Buenos Aires. La Biblioteca Popular de Claromec\u00f3 &#8220;Dr. Bernardo A. Houssay&#8221; abri\u00f3 sus puertas para constituirse [&hellip;]<\/p>\n","protected":false},"author":5,"featured_media":1308,"comment_status":"closed","ping_status":"closed","sticky":false,"template":"","format":"standard","meta":{"footnotes":""},"categories":[2],"tags":[],"class_list":["post-1307","post","type-post","status-publish","format-standard","has-post-thumbnail","hentry","category-prensa"],"_links":{"self":[{"href":"https:\/\/fphv.org\/index.php?rest_route=\/wp\/v2\/posts\/1307","targetHints":{"allow":["GET"]}}],"collection":[{"href":"https:\/\/fphv.org\/index.php?rest_route=\/wp\/v2\/posts"}],"about":[{"href":"https:\/\/fphv.org\/index.php?rest_route=\/wp\/v2\/types\/post"}],"author":[{"embeddable":true,"href":"https:\/\/fphv.org\/index.php?rest_route=\/wp\/v2\/users\/5"}],"replies":[{"embeddable":true,"href":"https:\/\/fphv.org\/index.php?rest_route=%2Fwp%2Fv2%2Fcomments&post=1307"}],"version-history":[{"count":1,"href":"https:\/\/fphv.org\/index.php?rest_route=\/wp\/v2\/posts\/1307\/revisions"}],"predecessor-version":[{"id":1309,"href":"https:\/\/fphv.org\/index.php?rest_route=\/wp\/v2\/posts\/1307\/revisions\/1309"}],"wp:featuredmedia":[{"embeddable":true,"href":"https:\/\/fphv.org\/index.php?rest_route=\/wp\/v2\/media\/1308"}],"wp:attachment":[{"href":"https:\/\/fphv.org\/index.php?rest_route=%2Fwp%2Fv2%2Fmedia&parent=1307"}],"wp:term":[{"taxonomy":"category","embeddable":true,"href":"https:\/\/fphv.org\/index.php?rest_route=%2Fwp%2Fv2%2Fcategories&post=1307"},{"taxonomy":"post_tag","embeddable":true,"href":"https:\/\/fphv.org\/index.php?rest_route=%2Fwp%2Fv2%2Ftags&post=1307"}],"curies":[{"name":"wp","href":"https:\/\/api.w.org\/{rel}","templated":true}]}}