{"id":1301,"date":"2024-12-06T18:07:30","date_gmt":"2024-12-06T21:07:30","guid":{"rendered":"https:\/\/fphv.org\/?p=1301"},"modified":"2024-12-26T18:14:30","modified_gmt":"2024-12-26T21:14:30","slug":"vice-jefes-de-la-embajada-de-la-union-europea-con-el-sector-privado-de-la-region","status":"publish","type":"post","link":"https:\/\/fphv.org\/?p=1301","title":{"rendered":"VICE JEFES DE LA EMBAJADA DE LA UNI\u00d3N EUROPEA CON EL SECTOR PRIVADO DE LA REGI\u00d3N"},"content":{"rendered":"\n<p>Este mi\u00e9rcoles 4 de diciembre, una delegaci\u00f3n de la Uni\u00f3n Europea visit\u00f3 la ciudad de La Plata para reunirse con los principales l\u00edderes del sector privado y la sociedad civil de la Regi\u00f3n.<\/p>\n\n\n\n<p>En ese marco fueron recibidos por el sector privado de la regi\u00f3n, en un almuerzo de camarader\u00eda impulsado por el Instituto de Responsabilidad Social Corporativa, el Instituto de Formaci\u00f3n y Promoci\u00f3n del <a><\/a>Comercio y la Oficina de Asuntos Corporativos y Negocios Internacionales de la Fundaci\u00f3n Pro Humanae Vitae. Contando con la participaci\u00f3n de Rafael Vel\u00e1zquez, presidente de la FPHV, se intercambiaron ideas y visiones acerca del contexto actual a nivel regional y global, haciendo \u00e9nfasis en las oportunidades de cooperaci\u00f3n y articulaci\u00f3n entre la Regi\u00f3n Capital de la Provincia de Buenos Aires y los pa\u00edses europeos.<\/p>\n\n\n\n<p>Estuvieron presentes en este almuerzo, Diego Aguirre, CEO de Construyo al Costo y Director de la Oficina de Asuntos Corporativos y Negocios Internacionales de la FPHV; Gustavo Etchanch\u00fa y David Serna del Grupo POSE; Roberto de Luca, de Construyo al Costo; Andres Sarazola de la Comunidad de Negocios Inmobiliarios; Jorge Yip, de la C\u00e1mara de Transporte Vertical; Ariel Altamirano de PULPA Gastron\u00f3micos; Juan Jos\u00e9 Hermida, Maria del Carmen Hermida, Leonardo Hermida, Julio C\u00e9sar Acquaviva y Antonio Guarino de Grupo Hermida; Rafael Garcia de CRECEBA; Pablo Rebuffo de Flanio SRL; Norberto Becacceci; Claudio Di Rocco y Geronimo Rivera Cano.<\/p>\n\n\n\n<p>Tambi\u00e9n acompa\u00f1aron Mart\u00edn Ranea, Mart\u00edn Bizet; Natalia Raciti, Marcelo Mancuso y Mat\u00edas Picci, miembros del Instituto de Formaci\u00f3n y Promoci\u00f3n del Comercio de la FPHV, Luciano Legnoverde del Instituto de Educaci\u00f3n Financiera de la FPHV y Daniela Santandrea del Instituto de Gesti\u00f3n P\u00fablica y Turismo de la FPHV.<\/p>\n\n\n\n<p><a href=\"https:\/\/www.facebook.com\/hashtag\/fphv?__eep__=6&amp;__cft__[0]=AZUwjzVorBq2kK7rP9r_eeEUI1Sc9WrhWyNkEBJGeOCC3-wvYUT38zxXfle55UQ5spGvmTkioI-lN7CAIYpg0isWJ8aLDB3_9ezHKwaRV1dnF2apHl6-n_B5QjCg-EJsMTflV1e799WyQ5LKRFmZxenF0uLnlftAX7hWfJUcUxZiUxcJjm0_jVGqjUASbN6qlWk&amp;__tn__=*NK-R\">#FPHV<\/a><a href=\"https:\/\/l.facebook.com\/l.php?u=https%3A%2F%2Fwww.instagram.com%2F_u%2Frafaelvelazquezarg%3Ffbclid%3DIwZXh0bgNhZW0CMTAAAR362o1spIuYi2swD6pDl8eEFcjZ9klt2sA92aL2DgvTyVNRI0pqmawZ2t0_aem_rszhFgOLaUKNVgVDW9YtkQ&amp;h=AT21pdE4y20lvozVXfZH6zvsuyOJs-CJSILIrbs1Mdm0PIPyF1TmT5IgZRC0PTznhIf118J0eo_unvdMFNxn9z1U37qSNAJPgb7wMDORYHWvv8gGA9b_sFLpHUfUQu1spwjr&amp;__tn__=-UK-R&amp;c[0]=AT055ozsB9-BmcT4W_mS0OBrS1z3qlCv3Rny4dSOAuLKS6VxxqQGNOldWYfxmC4QqcGLOJNFo4zmy_rhCcHc1Fh_5jAgpX2CRlYyfdOITeuMoQsBisoVWtURTVsktninxAzLQ9SjT85pIl3xKSEIoelvOM7COFxxibp89TjTs09Izq0h-CRlGA2s08HAKOTcPPwKLQoY7xbqQw5mIOtPdD2evQ\" rel=\"noreferrer noopener\" target=\"_blank\">@rafaelvelazquezarg<\/a><a href=\"https:\/\/l.facebook.com\/l.php?u=https%3A%2F%2Fwww.instagram.com%2F_u%2Fueenargentina%3Ffbclid%3DIwZXh0bgNhZW0CMTAAAR3DcM_ReBWmYqo_OQiV-dxAR-rK1TCxgaCcPi8BDtepq8hWXZFZ_B7GY9Q_aem_C6Heuh2AkPyHjBlcQvv6mA&amp;h=AT2FXfYxfDLrQxJYDUpORbWHM9vU5KlhtQNBpRuPET9sI2bBelLdzinNtPAjs3bZ4BFlTND-CDIr2h4itE2f3PW-XFlShrojBqlJFqRrO5LfjAvmby2wy3Ln4KgM0V5fjwn7&amp;__tn__=-UK-R&amp;c[0]=AT055ozsB9-BmcT4W_mS0OBrS1z3qlCv3Rny4dSOAuLKS6VxxqQGNOldWYfxmC4QqcGLOJNFo4zmy_rhCcHc1Fh_5jAgpX2CRlYyfdOITeuMoQsBisoVWtURTVsktninxAzLQ9SjT85pIl3xKSEIoelvOM7COFxxibp89TjTs09Izq0h-CRlGA2s08HAKOTcPPwKLQoY7xbqQw5mIOtPdD2evQ\" rel=\"noreferrer noopener\" target=\"_blank\">@ueenargentina<\/a><\/p>\n","protected":false},"excerpt":{"rendered":"<p>Este mi\u00e9rcoles 4 de diciembre, una delegaci\u00f3n de la Uni\u00f3n Europea visit\u00f3 la ciudad de La Plata para reunirse con los principales l\u00edderes del sector privado y la sociedad civil de la Regi\u00f3n. En ese marco fueron recibidos por el sector privado de la regi\u00f3n, en un almuerzo de camarader\u00eda impulsado por el Instituto de [&hellip;]<\/p>\n","protected":false},"author":5,"featured_media":1302,"comment_status":"closed","ping_status":"closed","sticky":false,"template":"","format":"standard","meta":{"footnotes":""},"categories":[2],"tags":[],"class_list":["post-1301","post","type-post","status-publish","format-standard","has-post-thumbnail","hentry","category-prensa"],"_links":{"self":[{"href":"https:\/\/fphv.org\/index.php?rest_route=\/wp\/v2\/posts\/1301","targetHints":{"allow":["GET"]}}],"collection":[{"href":"https:\/\/fphv.org\/index.php?rest_route=\/wp\/v2\/posts"}],"about":[{"href":"https:\/\/fphv.org\/index.php?rest_route=\/wp\/v2\/types\/post"}],"author":[{"embeddable":true,"href":"https:\/\/fphv.org\/index.php?rest_route=\/wp\/v2\/users\/5"}],"replies":[{"embeddable":true,"href":"https:\/\/fphv.org\/index.php?rest_route=%2Fwp%2Fv2%2Fcomments&post=1301"}],"version-history":[{"count":1,"href":"https:\/\/fphv.org\/index.php?rest_route=\/wp\/v2\/posts\/1301\/revisions"}],"predecessor-version":[{"id":1303,"href":"https:\/\/fphv.org\/index.php?rest_route=\/wp\/v2\/posts\/1301\/revisions\/1303"}],"wp:featuredmedia":[{"embeddable":true,"href":"https:\/\/fphv.org\/index.php?rest_route=\/wp\/v2\/media\/1302"}],"wp:attachment":[{"href":"https:\/\/fphv.org\/index.php?rest_route=%2Fwp%2Fv2%2Fmedia&parent=1301"}],"wp:term":[{"taxonomy":"category","embeddable":true,"href":"https:\/\/fphv.org\/index.php?rest_route=%2Fwp%2Fv2%2Fcategories&post=1301"},{"taxonomy":"post_tag","embeddable":true,"href":"https:\/\/fphv.org\/index.php?rest_route=%2Fwp%2Fv2%2Ftags&post=1301"}],"curies":[{"name":"wp","href":"https:\/\/api.w.org\/{rel}","templated":true}]}}