{"id":1292,"date":"2024-11-21T18:03:40","date_gmt":"2024-11-21T21:03:40","guid":{"rendered":"https:\/\/fphv.org\/?p=1292"},"modified":"2024-12-26T18:04:51","modified_gmt":"2024-12-26T21:04:51","slug":"recorrido-por-los-talleres-virtuales-con-perspectiva-de-genero","status":"publish","type":"post","link":"https:\/\/fphv.org\/?p=1292","title":{"rendered":"RECORRIDO POR LOS TALLERES VIRTUALES CON PERSPECTIVA DE G\u00c9NERO"},"content":{"rendered":"\n<p>El 12 de noviembre finaliz\u00f3 el ciclo de los encuentros virtuales en modalidad taller para el Nodo NEA, destinado a OSC de las provincias de Santa Fe, Entre R\u00edos, Misiones, Chaco y Formosa, coordinados por la Fundaci\u00f3n Convivir y la Fundaci\u00f3n Pro Humanae Vitae, representando al Foro del Sector Social en el marco del proyecto de Sociedad Civil en Red .<\/p>\n\n\n\n<p>Los encuentros fueron de gran valor y enriquecimiento para <a><\/a>poder visualizar y reconocer las distintas formas de violencia g\u00e9nero y como son consideradas en el marco de la Ley. Ademas de brindar las herramientas \u00fatiles para referentes de organizaciones de la sociedad civil para identificar posibles actos de violencia y contrarrestarlos.<\/p>\n\n\n\n<p>\u00a1Avanzando hacia un futuro sin violencia de genero y transformando concepciones pre establecidas! <img decoding=\"async\" height=\"16\" width=\"16\" alt=\"\ud83c\udf0e\" src=\"https:\/\/static.xx.fbcdn.net\/images\/emoji.php\/v9\/tc0\/1\/16\/1f30e.png\"><img decoding=\"async\" height=\"16\" width=\"16\" alt=\"\ud83d\udcaa\" src=\"https:\/\/static.xx.fbcdn.net\/images\/emoji.php\/v9\/t6c\/1\/16\/1f4aa.png\"><\/p>\n\n\n\n<p>Sociedad Civil en Red proyecto cofinanciado por la <a href=\"https:\/\/www.instagram.com\/_u\/ueenargentina?fbclid=IwZXh0bgNhZW0CMTAAAR3-EvNjNrF9IPPwLDpBBRZ3mwQem5Ae8A3sbDqBmw9ugK0Jd5NZuTkyImU_aem_aGbo8ZTHd3hNeN7VWWRCeQ\" rel=\"noreferrer noopener\" target=\"_blank\">@ueenargentina<\/a><\/p>\n\n\n\n<p><a href=\"https:\/\/www.facebook.com\/hashtag\/perspectivadegenero?__eep__=6&amp;__cft__[0]=AZWkz9CgpzIC6DI9ugMd49Q8lqEnWOv-s9PZpWVwA0xNPP-Ws-YSHAINj-t6WOgbeBAyYehRcgSG3aupqIzq_bBu4aWC77y3qU5xLvsPwqetTCxgTnG6MsZV7ZtejQGbYQjhgazsAW3NqPA_HG4qxmjd_Tb3XR9Um2Fz5AnOTYK08bouOPe6LJ4moyUCKbe5grM&amp;__tn__=*NK-R\">#perspectivadegenero<\/a><a href=\"https:\/\/www.facebook.com\/hashtag\/sociedadcivilenred?__eep__=6&amp;__cft__[0]=AZWkz9CgpzIC6DI9ugMd49Q8lqEnWOv-s9PZpWVwA0xNPP-Ws-YSHAINj-t6WOgbeBAyYehRcgSG3aupqIzq_bBu4aWC77y3qU5xLvsPwqetTCxgTnG6MsZV7ZtejQGbYQjhgazsAW3NqPA_HG4qxmjd_Tb3XR9Um2Fz5AnOTYK08bouOPe6LJ4moyUCKbe5grM&amp;__tn__=*NK-R\">#sociedadcivilenred<\/a><a href=\"https:\/\/www.facebook.com\/hashtag\/forodelsectorsocial?__eep__=6&amp;__cft__[0]=AZWkz9CgpzIC6DI9ugMd49Q8lqEnWOv-s9PZpWVwA0xNPP-Ws-YSHAINj-t6WOgbeBAyYehRcgSG3aupqIzq_bBu4aWC77y3qU5xLvsPwqetTCxgTnG6MsZV7ZtejQGbYQjhgazsAW3NqPA_HG4qxmjd_Tb3XR9Um2Fz5AnOTYK08bouOPe6LJ4moyUCKbe5grM&amp;__tn__=*NK-R\">#forodelsectorsocial<\/a><a href=\"https:\/\/www.facebook.com\/hashtag\/fphv?__eep__=6&amp;__cft__[0]=AZWkz9CgpzIC6DI9ugMd49Q8lqEnWOv-s9PZpWVwA0xNPP-Ws-YSHAINj-t6WOgbeBAyYehRcgSG3aupqIzq_bBu4aWC77y3qU5xLvsPwqetTCxgTnG6MsZV7ZtejQGbYQjhgazsAW3NqPA_HG4qxmjd_Tb3XR9Um2Fz5AnOTYK08bouOPe6LJ4moyUCKbe5grM&amp;__tn__=*NK-R\">#fphv<\/a><a href=\"https:\/\/www.facebook.com\/hashtag\/fundacionconvivir?__eep__=6&amp;__cft__[0]=AZWkz9CgpzIC6DI9ugMd49Q8lqEnWOv-s9PZpWVwA0xNPP-Ws-YSHAINj-t6WOgbeBAyYehRcgSG3aupqIzq_bBu4aWC77y3qU5xLvsPwqetTCxgTnG6MsZV7ZtejQGbYQjhgazsAW3NqPA_HG4qxmjd_Tb3XR9Um2Fz5AnOTYK08bouOPe6LJ4moyUCKbe5grM&amp;__tn__=*NK-R\">#fundacionconvivir<\/a><\/p>\n","protected":false},"excerpt":{"rendered":"<p>El 12 de noviembre finaliz\u00f3 el ciclo de los encuentros virtuales en modalidad taller para el Nodo NEA, destinado a OSC de las provincias de Santa Fe, Entre R\u00edos, Misiones, Chaco y Formosa, coordinados por la Fundaci\u00f3n Convivir y la Fundaci\u00f3n Pro Humanae Vitae, representando al Foro del Sector Social en el marco del proyecto [&hellip;]<\/p>\n","protected":false},"author":5,"featured_media":1293,"comment_status":"closed","ping_status":"closed","sticky":false,"template":"","format":"standard","meta":{"footnotes":""},"categories":[1],"tags":[],"class_list":["post-1292","post","type-post","status-publish","format-standard","has-post-thumbnail","hentry","category-eventos"],"_links":{"self":[{"href":"https:\/\/fphv.org\/index.php?rest_route=\/wp\/v2\/posts\/1292","targetHints":{"allow":["GET"]}}],"collection":[{"href":"https:\/\/fphv.org\/index.php?rest_route=\/wp\/v2\/posts"}],"about":[{"href":"https:\/\/fphv.org\/index.php?rest_route=\/wp\/v2\/types\/post"}],"author":[{"embeddable":true,"href":"https:\/\/fphv.org\/index.php?rest_route=\/wp\/v2\/users\/5"}],"replies":[{"embeddable":true,"href":"https:\/\/fphv.org\/index.php?rest_route=%2Fwp%2Fv2%2Fcomments&post=1292"}],"version-history":[{"count":1,"href":"https:\/\/fphv.org\/index.php?rest_route=\/wp\/v2\/posts\/1292\/revisions"}],"predecessor-version":[{"id":1294,"href":"https:\/\/fphv.org\/index.php?rest_route=\/wp\/v2\/posts\/1292\/revisions\/1294"}],"wp:featuredmedia":[{"embeddable":true,"href":"https:\/\/fphv.org\/index.php?rest_route=\/wp\/v2\/media\/1293"}],"wp:attachment":[{"href":"https:\/\/fphv.org\/index.php?rest_route=%2Fwp%2Fv2%2Fmedia&parent=1292"}],"wp:term":[{"taxonomy":"category","embeddable":true,"href":"https:\/\/fphv.org\/index.php?rest_route=%2Fwp%2Fv2%2Fcategories&post=1292"},{"taxonomy":"post_tag","embeddable":true,"href":"https:\/\/fphv.org\/index.php?rest_route=%2Fwp%2Fv2%2Ftags&post=1292"}],"curies":[{"name":"wp","href":"https:\/\/api.w.org\/{rel}","templated":true}]}}