{"id":1289,"date":"2024-11-19T18:00:04","date_gmt":"2024-11-19T21:00:04","guid":{"rendered":"https:\/\/fphv.org\/?p=1289"},"modified":"2024-12-26T18:01:15","modified_gmt":"2024-12-26T21:01:15","slug":"19-de-noviembre-142o-aniversario-de-la-ciudad-de-la-plata","status":"publish","type":"post","link":"https:\/\/fphv.org\/?p=1289","title":{"rendered":"19 DE NOVIEMBRE 142\u00ba ANIVERSARIO DE LA CIUDAD DE LA PLATA"},"content":{"rendered":"\n<p>Celebramos el aniversario de nuestra ciudad de La Plata y nos unimos a esta conmemoraci\u00f3n reconociendo el compromiso de nuestra ciudad y su desarrollo. A trav\u00e9s de nuestras acciones, reafirmamos nuestra adhesi\u00f3n a los valores que promueven el bienestar y el progreso de la ciudad. \u00a1Feliz aniversario, La Plata!<\/p>\n\n\n\n<p><a href=\"https:\/\/www.facebook.com\/hashtag\/aniversario142?__eep__=6&amp;__cft__[0]=AZWPsBjwQ9DL384yO9FzauJlkcleUauZ-RXvTzTTTfeL9YDGcDgAXCSh0QfbtLO69hhm6IzRGTGX2ewWfUUv2wZqym0dHPiZG3sbfc-J_Tl--OCr32PpVqfCgFg6kqD7rWKHffmge755K0P4am9CCmcBIZayPSFn8owsOuECmk9M1MI8B3nF0LZMtxa9PVQ7faE&amp;__tn__=*NK-R\">#aniversario142<\/a><a href=\"https:\/\/www.facebook.com\/hashtag\/laplatacumple?__eep__=6&amp;__cft__[0]=AZWPsBjwQ9DL384yO9FzauJlkcleUauZ-RXvTzTTTfeL9YDGcDgAXCSh0QfbtLO69hhm6IzRGTGX2ewWfUUv2wZqym0dHPiZG3sbfc-J_Tl--OCr32PpVqfCgFg6kqD7rWKHffmge755K0P4am9CCmcBIZayPSFn8owsOuECmk9M1MI8B3nF0LZMtxa9PVQ7faE&amp;__tn__=*NK-R\">#laplatacumple<\/a><a href=\"https:\/\/www.facebook.com\/hashtag\/19denoviembre?__eep__=6&amp;__cft__[0]=AZWPsBjwQ9DL384yO9FzauJlkcleUauZ-RXvTzTTTfeL9YDGcDgAXCSh0QfbtLO69hhm6IzRGTGX2ewWfUUv2wZqym0dHPiZG3sbfc-J_Tl--OCr32PpVqfCgFg6kqD7rWKHffmge755K0P4am9CCmcBIZayPSFn8owsOuECmk9M1MI8B3nF0LZMtxa9PVQ7faE&amp;__tn__=*NK-R\">#19denoviembre<\/a><a href=\"https:\/\/www.facebook.com\/hashtag\/fphv?__eep__=6&amp;__cft__[0]=AZWPsBjwQ9DL384yO9FzauJlkcleUauZ-RXvTzTTTfeL9YDGcDgAXCSh0QfbtLO69hhm6IzRGTGX2ewWfUUv2wZqym0dHPiZG3sbfc-J_Tl--OCr32PpVqfCgFg6kqD7rWKHffmge755K0P4am9CCmcBIZayPSFn8owsOuECmk9M1MI8B3nF0LZMtxa9PVQ7faE&amp;__tn__=*NK-R\">#fphv<\/a><\/p>\n","protected":false},"excerpt":{"rendered":"<p>Celebramos el aniversario de nuestra ciudad de La Plata y nos unimos a esta conmemoraci\u00f3n reconociendo el compromiso de nuestra ciudad y su desarrollo. A trav\u00e9s de nuestras acciones, reafirmamos nuestra adhesi\u00f3n a los valores que promueven el bienestar y el progreso de la ciudad. \u00a1Feliz aniversario, La Plata! #aniversario142#laplatacumple#19denoviembre#fphv<\/p>\n","protected":false},"author":5,"featured_media":1290,"comment_status":"closed","ping_status":"closed","sticky":false,"template":"","format":"standard","meta":{"footnotes":""},"categories":[2],"tags":[],"class_list":["post-1289","post","type-post","status-publish","format-standard","has-post-thumbnail","hentry","category-prensa"],"_links":{"self":[{"href":"https:\/\/fphv.org\/index.php?rest_route=\/wp\/v2\/posts\/1289","targetHints":{"allow":["GET"]}}],"collection":[{"href":"https:\/\/fphv.org\/index.php?rest_route=\/wp\/v2\/posts"}],"about":[{"href":"https:\/\/fphv.org\/index.php?rest_route=\/wp\/v2\/types\/post"}],"author":[{"embeddable":true,"href":"https:\/\/fphv.org\/index.php?rest_route=\/wp\/v2\/users\/5"}],"replies":[{"embeddable":true,"href":"https:\/\/fphv.org\/index.php?rest_route=%2Fwp%2Fv2%2Fcomments&post=1289"}],"version-history":[{"count":1,"href":"https:\/\/fphv.org\/index.php?rest_route=\/wp\/v2\/posts\/1289\/revisions"}],"predecessor-version":[{"id":1291,"href":"https:\/\/fphv.org\/index.php?rest_route=\/wp\/v2\/posts\/1289\/revisions\/1291"}],"wp:featuredmedia":[{"embeddable":true,"href":"https:\/\/fphv.org\/index.php?rest_route=\/wp\/v2\/media\/1290"}],"wp:attachment":[{"href":"https:\/\/fphv.org\/index.php?rest_route=%2Fwp%2Fv2%2Fmedia&parent=1289"}],"wp:term":[{"taxonomy":"category","embeddable":true,"href":"https:\/\/fphv.org\/index.php?rest_route=%2Fwp%2Fv2%2Fcategories&post=1289"},{"taxonomy":"post_tag","embeddable":true,"href":"https:\/\/fphv.org\/index.php?rest_route=%2Fwp%2Fv2%2Ftags&post=1289"}],"curies":[{"name":"wp","href":"https:\/\/api.w.org\/{rel}","templated":true}]}}