{"id":1286,"date":"2024-11-15T17:58:23","date_gmt":"2024-11-15T20:58:23","guid":{"rendered":"https:\/\/fphv.org\/?p=1286"},"modified":"2024-12-26T18:00:02","modified_gmt":"2024-12-26T21:00:02","slug":"charlas-que-fortalecen-a-las-organizaciones-de-la-sociedad-civil","status":"publish","type":"post","link":"https:\/\/fphv.org\/?p=1286","title":{"rendered":"CHARLAS QUE FORTALECEN A LAS ORGANIZACIONES DE LA SOCIEDAD CIVIL"},"content":{"rendered":"\n<p>Sumate el 26\/11 al Encuentro Regional: Sociedad Civil, liderazgo juvenil y fortalecimiento de la democracia en el colegio de la Abogac\u00eda de La Plata y presencia las charlas que enriquecer\u00e1n el proceso de trabajo de las organizaciones, con disertantes expertos en sus a\u00e9reas de estudio e incidencia.<\/p>\n\n\n\n<p>Vas a encontrar las charlas:<\/p>\n\n\n\n<p>&#8211; <a><\/a>\u201cLas Personas y la Gesti\u00f3n. Una mirada desde las organizaciones de la sociedad civil\u201d a cargo de Eduardo De Giusti, Decano de la Facultad de Ciencias Econ\u00f3micas de la Unlp.<\/p>\n\n\n\n<p>&#8211; \u201cPlanificaci\u00f3n estrat\u00e9gica y formulaci\u00f3n de proyectos en las OSC\u201d a cargo de Silvia Rossi, profesora de la Facultad de Ciencias Econ\u00f3micas de la Unlp.<\/p>\n\n\n\n<p>&#8211; \u201cGesti\u00f3n de Voluntariado y participaci\u00f3n activa de los j\u00f3venes en las OSC\u201d a cargo de Florencia Menucci, profesora de la Facultad de Ciencias Econ\u00f3micas de la Unlp.<\/p>\n\n\n\n<p><img decoding=\"async\" height=\"16\" width=\"16\" alt=\"\ud83d\uddd3\ufe0f\" src=\"https:\/\/static.xx.fbcdn.net\/images\/emoji.php\/v9\/t5c\/1\/16\/1f5d3.png\">Martes 26 de Noviembre<\/p>\n\n\n\n<p><img decoding=\"async\" height=\"16\" width=\"16\" alt=\"\ud83d\udccd\" src=\"https:\/\/static.xx.fbcdn.net\/images\/emoji.php\/v9\/t2d\/1\/16\/1f4cd.png\">Colegio de la Abogac\u00eda Av 13 N\u00ba 821<\/p>\n\n\n\n<p><img decoding=\"async\" height=\"16\" width=\"16\" alt=\"\ud83d\udd51\" src=\"https:\/\/static.xx.fbcdn.net\/images\/emoji.php\/v9\/t29\/1\/16\/1f551.png\">De 10 a 18 horas<\/p>\n\n\n\n<p>\u00a1Actividad gratuita con inscripci\u00f3n previa! Encuentra el link en nuestra biograf\u00eda. <img loading=\"lazy\" decoding=\"async\" height=\"16\" width=\"16\" alt=\"\ud83d\ude4c\" src=\"https:\/\/static.xx.fbcdn.net\/images\/emoji.php\/v9\/tfd\/1\/16\/1f64c.png\"><img loading=\"lazy\" decoding=\"async\" height=\"16\" width=\"16\" alt=\"\u2728\" src=\"https:\/\/static.xx.fbcdn.net\/images\/emoji.php\/v9\/tf4\/1\/16\/2728.png\"><\/p>\n\n\n\n<p><a href=\"https:\/\/www.facebook.com\/hashtag\/sociedadcivilenred?__eep__=6&amp;__cft__[0]=AZU69CML0RgCniCl4i40zZ0p2WbOnmlxOHoT4s3uFNOHPa-7K6VEL9pugWa5SneEbYsTXGd1vDO6x2W1TpBwplQAFPMIIbucj4nqYEIJx3lDGN1j7Mm5Ca2aCH3wENNTU5995i4nzi6LvSzM8ia6ybZ7ktvC-zWqnLXVuUVOvttj5AgHycC_N8-yAAN4DYROzzs&amp;__tn__=*NK-R\">#sociedadcivilenred<\/a><a href=\"https:\/\/www.facebook.com\/hashtag\/encuentroregional?__eep__=6&amp;__cft__[0]=AZU69CML0RgCniCl4i40zZ0p2WbOnmlxOHoT4s3uFNOHPa-7K6VEL9pugWa5SneEbYsTXGd1vDO6x2W1TpBwplQAFPMIIbucj4nqYEIJx3lDGN1j7Mm5Ca2aCH3wENNTU5995i4nzi6LvSzM8ia6ybZ7ktvC-zWqnLXVuUVOvttj5AgHycC_N8-yAAN4DYROzzs&amp;__tn__=*NK-R\">#encuentroregional<\/a><a href=\"https:\/\/www.facebook.com\/hashtag\/colegiodelaabogacialaplata?__eep__=6&amp;__cft__[0]=AZU69CML0RgCniCl4i40zZ0p2WbOnmlxOHoT4s3uFNOHPa-7K6VEL9pugWa5SneEbYsTXGd1vDO6x2W1TpBwplQAFPMIIbucj4nqYEIJx3lDGN1j7Mm5Ca2aCH3wENNTU5995i4nzi6LvSzM8ia6ybZ7ktvC-zWqnLXVuUVOvttj5AgHycC_N8-yAAN4DYROzzs&amp;__tn__=*NK-R\">#colegiodelaabogacialaplata<\/a><a href=\"https:\/\/www.facebook.com\/hashtag\/fphv?__eep__=6&amp;__cft__[0]=AZU69CML0RgCniCl4i40zZ0p2WbOnmlxOHoT4s3uFNOHPa-7K6VEL9pugWa5SneEbYsTXGd1vDO6x2W1TpBwplQAFPMIIbucj4nqYEIJx3lDGN1j7Mm5Ca2aCH3wENNTU5995i4nzi6LvSzM8ia6ybZ7ktvC-zWqnLXVuUVOvttj5AgHycC_N8-yAAN4DYROzzs&amp;__tn__=*NK-R\">#fphv<\/a><a href=\"https:\/\/www.facebook.com\/hashtag\/forodelsectorsocial?__eep__=6&amp;__cft__[0]=AZU69CML0RgCniCl4i40zZ0p2WbOnmlxOHoT4s3uFNOHPa-7K6VEL9pugWa5SneEbYsTXGd1vDO6x2W1TpBwplQAFPMIIbucj4nqYEIJx3lDGN1j7Mm5Ca2aCH3wENNTU5995i4nzi6LvSzM8ia6ybZ7ktvC-zWqnLXVuUVOvttj5AgHycC_N8-yAAN4DYROzzs&amp;__tn__=*NK-R\">#forodelsectorsocial<\/a><\/p>\n","protected":false},"excerpt":{"rendered":"<p>Sumate el 26\/11 al Encuentro Regional: Sociedad Civil, liderazgo juvenil y fortalecimiento de la democracia en el colegio de la Abogac\u00eda de La Plata y presencia las charlas que enriquecer\u00e1n el proceso de trabajo de las organizaciones, con disertantes expertos en sus a\u00e9reas de estudio e incidencia. Vas a encontrar las charlas: &#8211; \u201cLas Personas [&hellip;]<\/p>\n","protected":false},"author":5,"featured_media":1287,"comment_status":"closed","ping_status":"closed","sticky":false,"template":"","format":"standard","meta":{"footnotes":""},"categories":[1],"tags":[],"class_list":["post-1286","post","type-post","status-publish","format-standard","has-post-thumbnail","hentry","category-eventos"],"_links":{"self":[{"href":"https:\/\/fphv.org\/index.php?rest_route=\/wp\/v2\/posts\/1286","targetHints":{"allow":["GET"]}}],"collection":[{"href":"https:\/\/fphv.org\/index.php?rest_route=\/wp\/v2\/posts"}],"about":[{"href":"https:\/\/fphv.org\/index.php?rest_route=\/wp\/v2\/types\/post"}],"author":[{"embeddable":true,"href":"https:\/\/fphv.org\/index.php?rest_route=\/wp\/v2\/users\/5"}],"replies":[{"embeddable":true,"href":"https:\/\/fphv.org\/index.php?rest_route=%2Fwp%2Fv2%2Fcomments&post=1286"}],"version-history":[{"count":1,"href":"https:\/\/fphv.org\/index.php?rest_route=\/wp\/v2\/posts\/1286\/revisions"}],"predecessor-version":[{"id":1288,"href":"https:\/\/fphv.org\/index.php?rest_route=\/wp\/v2\/posts\/1286\/revisions\/1288"}],"wp:featuredmedia":[{"embeddable":true,"href":"https:\/\/fphv.org\/index.php?rest_route=\/wp\/v2\/media\/1287"}],"wp:attachment":[{"href":"https:\/\/fphv.org\/index.php?rest_route=%2Fwp%2Fv2%2Fmedia&parent=1286"}],"wp:term":[{"taxonomy":"category","embeddable":true,"href":"https:\/\/fphv.org\/index.php?rest_route=%2Fwp%2Fv2%2Fcategories&post=1286"},{"taxonomy":"post_tag","embeddable":true,"href":"https:\/\/fphv.org\/index.php?rest_route=%2Fwp%2Fv2%2Ftags&post=1286"}],"curies":[{"name":"wp","href":"https:\/\/api.w.org\/{rel}","templated":true}]}}