{"id":1280,"date":"2024-11-13T17:44:38","date_gmt":"2024-11-13T20:44:38","guid":{"rendered":"https:\/\/fphv.org\/?p=1280"},"modified":"2024-12-26T17:51:56","modified_gmt":"2024-12-26T20:51:56","slug":"san-carlos-festeja-su-aniversario-no-32","status":"publish","type":"post","link":"https:\/\/fphv.org\/?p=1280","title":{"rendered":"SAN CARLOS FESTEJA SU ANIVERSARIO N\u00ba 32"},"content":{"rendered":"\n<p>El viernes 8 de noviembre, San Carlos celebr\u00f3 sus 32 a\u00f1os de historia y desarrollo con la presencia del intendente de La Plata, Julio Alak, y la delegada de San Carlos, Cecilia \u00c1balos. Aunque el aniversario fue el 4 de noviembre, la celebraci\u00f3n se extendi\u00f3 con un evento especial donde la Fundaci\u00f3n particip\u00f3 a trav\u00e9s del Instituto de Formaci\u00f3n y Promoci\u00f3n del Comercio.<\/p>\n\n\n\n<p>Nuestros directores, Mat\u00edas Picci, presidente del Centro de <a><\/a>Comerciantes e Industriales de Avenida 44 y Adyacencias; Mart\u00edn Ranea, presidente de la Asociaci\u00f3n Amigos de Calle de 12; Marcelo Mancuso vicepresidente de desarrollo territorial de la C\u00e1mara La Plata Oeste; Natalia Raciti, presidenta de la C\u00e1mara Comercial del Centro Platense; y Patricia Morales, presidenta de la C\u00e1mara Comercial San Carlos, estuvieron presentes para compartir del festejo. <img decoding=\"async\" height=\"16\" width=\"16\" alt=\"\ud83c\udf8a\" src=\"https:\/\/static.xx.fbcdn.net\/images\/emoji.php\/v9\/tb4\/1\/16\/1f38a.png\"><\/p>\n\n\n\n<p><a href=\"https:\/\/www.facebook.com\/hashtag\/aniversariosancarlos?__eep__=6&amp;__cft__[0]=AZUmZ6sAJJuubtjnARFlyYV0AH8hb3-ZKOWjGv6uRh3hW4Cz1QTyku8HgvqTlncnTrNezrue4p8PZ7ThlNA2VMVniy4v_iAy2o5cLq14_GE8XVYWqx09VkKpbTvsv4mHTs8Hpb-wmA6JQELbWSJmrOfI4mnT3x470XJuFMrU1V8tUm5oEzVOjadEuYST0IGVons&amp;__tn__=*NK-R\">#aniversariosancarlos<\/a><a href=\"https:\/\/www.facebook.com\/hashtag\/32a%C3%B1os?__eep__=6&amp;__cft__[0]=AZUmZ6sAJJuubtjnARFlyYV0AH8hb3-ZKOWjGv6uRh3hW4Cz1QTyku8HgvqTlncnTrNezrue4p8PZ7ThlNA2VMVniy4v_iAy2o5cLq14_GE8XVYWqx09VkKpbTvsv4mHTs8Hpb-wmA6JQELbWSJmrOfI4mnT3x470XJuFMrU1V8tUm5oEzVOjadEuYST0IGVons&amp;__tn__=*NK-R\">#32a\u00f1os<\/a><a href=\"https:\/\/www.facebook.com\/hashtag\/laplata?__eep__=6&amp;__cft__[0]=AZUmZ6sAJJuubtjnARFlyYV0AH8hb3-ZKOWjGv6uRh3hW4Cz1QTyku8HgvqTlncnTrNezrue4p8PZ7ThlNA2VMVniy4v_iAy2o5cLq14_GE8XVYWqx09VkKpbTvsv4mHTs8Hpb-wmA6JQELbWSJmrOfI4mnT3x470XJuFMrU1V8tUm5oEzVOjadEuYST0IGVons&amp;__tn__=*NK-R\">#laplata<\/a><a href=\"https:\/\/www.facebook.com\/hashtag\/fphv?__eep__=6&amp;__cft__[0]=AZUmZ6sAJJuubtjnARFlyYV0AH8hb3-ZKOWjGv6uRh3hW4Cz1QTyku8HgvqTlncnTrNezrue4p8PZ7ThlNA2VMVniy4v_iAy2o5cLq14_GE8XVYWqx09VkKpbTvsv4mHTs8Hpb-wmA6JQELbWSJmrOfI4mnT3x470XJuFMrU1V8tUm5oEzVOjadEuYST0IGVons&amp;__tn__=*NK-R\">#fphv<\/a><\/p>\n","protected":false},"excerpt":{"rendered":"<p>El viernes 8 de noviembre, San Carlos celebr\u00f3 sus 32 a\u00f1os de historia y desarrollo con la presencia del intendente de La Plata, Julio Alak, y la delegada de San Carlos, Cecilia \u00c1balos. Aunque el aniversario fue el 4 de noviembre, la celebraci\u00f3n se extendi\u00f3 con un evento especial donde la Fundaci\u00f3n particip\u00f3 a trav\u00e9s [&hellip;]<\/p>\n","protected":false},"author":5,"featured_media":1281,"comment_status":"closed","ping_status":"closed","sticky":false,"template":"","format":"standard","meta":{"footnotes":""},"categories":[1],"tags":[],"class_list":["post-1280","post","type-post","status-publish","format-standard","has-post-thumbnail","hentry","category-eventos"],"_links":{"self":[{"href":"https:\/\/fphv.org\/index.php?rest_route=\/wp\/v2\/posts\/1280","targetHints":{"allow":["GET"]}}],"collection":[{"href":"https:\/\/fphv.org\/index.php?rest_route=\/wp\/v2\/posts"}],"about":[{"href":"https:\/\/fphv.org\/index.php?rest_route=\/wp\/v2\/types\/post"}],"author":[{"embeddable":true,"href":"https:\/\/fphv.org\/index.php?rest_route=\/wp\/v2\/users\/5"}],"replies":[{"embeddable":true,"href":"https:\/\/fphv.org\/index.php?rest_route=%2Fwp%2Fv2%2Fcomments&post=1280"}],"version-history":[{"count":1,"href":"https:\/\/fphv.org\/index.php?rest_route=\/wp\/v2\/posts\/1280\/revisions"}],"predecessor-version":[{"id":1282,"href":"https:\/\/fphv.org\/index.php?rest_route=\/wp\/v2\/posts\/1280\/revisions\/1282"}],"wp:featuredmedia":[{"embeddable":true,"href":"https:\/\/fphv.org\/index.php?rest_route=\/wp\/v2\/media\/1281"}],"wp:attachment":[{"href":"https:\/\/fphv.org\/index.php?rest_route=%2Fwp%2Fv2%2Fmedia&parent=1280"}],"wp:term":[{"taxonomy":"category","embeddable":true,"href":"https:\/\/fphv.org\/index.php?rest_route=%2Fwp%2Fv2%2Fcategories&post=1280"},{"taxonomy":"post_tag","embeddable":true,"href":"https:\/\/fphv.org\/index.php?rest_route=%2Fwp%2Fv2%2Ftags&post=1280"}],"curies":[{"name":"wp","href":"https:\/\/api.w.org\/{rel}","templated":true}]}}