{"id":1274,"date":"2024-11-08T17:39:48","date_gmt":"2024-11-08T20:39:48","guid":{"rendered":"https:\/\/fphv.org\/?p=1274"},"modified":"2024-12-26T17:41:50","modified_gmt":"2024-12-26T20:41:50","slug":"sexto-encuentro-de-los-talleres-virtuales-con-perspectiva-de-genero-implementacion-de-la-ley-micaela-en-las-osc","status":"publish","type":"post","link":"https:\/\/fphv.org\/?p=1274","title":{"rendered":"SEXTO ENCUENTRO DE LOS TALLERES VIRTUALES CON PERSPECTIVA DE G\u00c9NERO: IMPLEMENTACI\u00d3N DE LA LEY MICAELA EN LAS OSC"},"content":{"rendered":"\n<p><img decoding=\"async\" height=\"16\" width=\"16\" alt=\"\ud83d\udce3\" src=\"https:\/\/static.xx.fbcdn.net\/images\/emoji.php\/v9\/tba\/1\/16\/1f4e3.png\"> Desde Fundaci\u00f3n Convivir y Fundaci\u00f3n Pro Humanae Vitae convocamos a OSC del Nodo NEA a ser parte del tercer encuentro de los talleres virtuales con perspectiva de g\u00e9nero: \u201cImplementaci\u00f3n de la Ley Micaela en las OSC\u201d<\/p>\n\n\n\n<p><img decoding=\"async\" height=\"16\" width=\"16\" alt=\"\u27a1\ufe0f\" src=\"https:\/\/static.xx.fbcdn.net\/images\/emoji.php\/v9\/t9e\/1\/16\/27a1.png\"> El encuentro estar\u00e1 a cargo de Maru Breard Licenciada en Trabajo Social, formadora en Ley Micaela y Directora de Equidad de G\u00e9nero y Diversidad en <a><\/a>la C\u00e1mara de Diputados de la Provincia de Buenos Aires; Florencia Rojo abogada, Directora del Instituto de Derecho de las Mujeres, G\u00e9neros y Disidencias del Colegio de la Abogac\u00eda de Entre R\u00edos, formadora en Ley Micaela y Diega Prieto Responsable de Somos Diversxs La Plata, organizaci\u00f3n de la diversidad.<\/p>\n\n\n\n<p><img decoding=\"async\" height=\"16\" width=\"16\" alt=\"\ud83d\uddd3\ufe0f\" src=\"https:\/\/static.xx.fbcdn.net\/images\/emoji.php\/v9\/t5c\/1\/16\/1f5d3.png\"> 12 de Noviembre<\/p>\n\n\n\n<p><img loading=\"lazy\" decoding=\"async\" height=\"16\" width=\"16\" alt=\"\ud83d\udd57\" src=\"https:\/\/static.xx.fbcdn.net\/images\/emoji.php\/v9\/t2f\/1\/16\/1f557.png\"> 18.30 hs<\/p>\n\n\n\n<p><img loading=\"lazy\" decoding=\"async\" height=\"16\" width=\"16\" alt=\"\ud83d\udcbb\" src=\"https:\/\/static.xx.fbcdn.net\/images\/emoji.php\/v9\/t8c\/1\/16\/1f4bb.png\"> Modalidad: virtual<\/p>\n\n\n\n<p><img loading=\"lazy\" decoding=\"async\" height=\"16\" width=\"16\" alt=\"\ud83d\udccd\" src=\"https:\/\/static.xx.fbcdn.net\/images\/emoji.php\/v9\/t2d\/1\/16\/1f4cd.png\"> Actividad gratuita con inscripci\u00f3n previa en: <a href=\"https:\/\/l.facebook.com\/l.php?u=https%3A%2F%2Fbit.ly%2FTalleresdegenero-nodo-nea6%3Ffbclid%3DIwZXh0bgNhZW0CMTAAAR3q_4wIACVHhgYjKybEl3vhAhSgabTMixUO2RlbR8f5hTT49aKRDkpMT24_aem_3EMUjmyM8AwIdmv20P-eEg&amp;h=AT0Wv3P1USsYPJb0B86TXUyRPCJxDDQiHKFgesRqAYtjEs25wneDQfdtqgTCBMOiTiMZYGsyKmncYMA6UVB5n8ClBKfw5UNQRppOcAqnq_UjUt01y1P8NUGQ2cbwKi9Q6Pey&amp;__tn__=-UK-R&amp;c[0]=AT3VeSRBohQ9T0YR9nwqq9l0ywfzBMYFfNQWXuVKDR6DSPFsKpZgTAIi8qOkEjwDVx1btHUug6lxeKOBcsW7Je9cGQR93lwB5LQa8CU7W81dHQRJ9GBhnD8beuc8UoNMt8ZZKHkaU5d_pE5cwbNhiBgjSALvbszzSoDBL8Rk6OfNSYgjL5zGMIvJiY1iOQOz2-pIvtMyYGHENAJgoB2UIIyOJA\" rel=\"noreferrer noopener\" target=\"_blank\">https:\/\/bit.ly\/Talleresdegenero-nodo-nea6<\/a><\/p>\n\n\n\n<p>Esta actividad forma parte del Proyecto <a href=\"https:\/\/l.facebook.com\/l.php?u=https%3A%2F%2Fwww.instagram.com%2F_u%2Fsociedadcivilenred%3Ffbclid%3DIwZXh0bgNhZW0CMTAAAR0rzA66ej6aEREOfOtrWTJq7zzeq26-VEyUl3851WlZ_cuErxdgDUeOvxk_aem_iScxAvdb8wjzWTQp3hQHLw&amp;h=AT31EFiCSJ2ZpVvw7v6BOnMtXzkQ-5CsC-OnrnqKojVxFTmixYFPbJW_8Au5y8Dn7r9iv1WMoA4hIYBZNlVxRcK3T7U5PLLlMD4NZiZVBOGGEoudOKuqQbZIkqb0IyPeWlgA&amp;__tn__=-UK-R&amp;c[0]=AT3VeSRBohQ9T0YR9nwqq9l0ywfzBMYFfNQWXuVKDR6DSPFsKpZgTAIi8qOkEjwDVx1btHUug6lxeKOBcsW7Je9cGQR93lwB5LQa8CU7W81dHQRJ9GBhnD8beuc8UoNMt8ZZKHkaU5d_pE5cwbNhiBgjSALvbszzSoDBL8Rk6OfNSYgjL5zGMIvJiY1iOQOz2-pIvtMyYGHENAJgoB2UIIyOJA\" rel=\"noreferrer noopener\" target=\"_blank\">@sociedadcivilenred<\/a> co-financiado por la Uni\u00f3n Europea en Argentina<\/p>\n\n\n\n<p><\/p>\n","protected":false},"excerpt":{"rendered":"<p>Desde Fundaci\u00f3n Convivir y Fundaci\u00f3n Pro Humanae Vitae convocamos a OSC del Nodo NEA a ser parte del tercer encuentro de los talleres virtuales con perspectiva de g\u00e9nero: \u201cImplementaci\u00f3n de la Ley Micaela en las OSC\u201d El encuentro estar\u00e1 a cargo de Maru Breard Licenciada en Trabajo Social, formadora en Ley Micaela y Directora de [&hellip;]<\/p>\n","protected":false},"author":5,"featured_media":1275,"comment_status":"closed","ping_status":"closed","sticky":false,"template":"","format":"standard","meta":{"footnotes":""},"categories":[1],"tags":[],"class_list":["post-1274","post","type-post","status-publish","format-standard","has-post-thumbnail","hentry","category-eventos"],"_links":{"self":[{"href":"https:\/\/fphv.org\/index.php?rest_route=\/wp\/v2\/posts\/1274","targetHints":{"allow":["GET"]}}],"collection":[{"href":"https:\/\/fphv.org\/index.php?rest_route=\/wp\/v2\/posts"}],"about":[{"href":"https:\/\/fphv.org\/index.php?rest_route=\/wp\/v2\/types\/post"}],"author":[{"embeddable":true,"href":"https:\/\/fphv.org\/index.php?rest_route=\/wp\/v2\/users\/5"}],"replies":[{"embeddable":true,"href":"https:\/\/fphv.org\/index.php?rest_route=%2Fwp%2Fv2%2Fcomments&post=1274"}],"version-history":[{"count":1,"href":"https:\/\/fphv.org\/index.php?rest_route=\/wp\/v2\/posts\/1274\/revisions"}],"predecessor-version":[{"id":1276,"href":"https:\/\/fphv.org\/index.php?rest_route=\/wp\/v2\/posts\/1274\/revisions\/1276"}],"wp:featuredmedia":[{"embeddable":true,"href":"https:\/\/fphv.org\/index.php?rest_route=\/wp\/v2\/media\/1275"}],"wp:attachment":[{"href":"https:\/\/fphv.org\/index.php?rest_route=%2Fwp%2Fv2%2Fmedia&parent=1274"}],"wp:term":[{"taxonomy":"category","embeddable":true,"href":"https:\/\/fphv.org\/index.php?rest_route=%2Fwp%2Fv2%2Fcategories&post=1274"},{"taxonomy":"post_tag","embeddable":true,"href":"https:\/\/fphv.org\/index.php?rest_route=%2Fwp%2Fv2%2Ftags&post=1274"}],"curies":[{"name":"wp","href":"https:\/\/api.w.org\/{rel}","templated":true}]}}