{"id":1271,"date":"2024-11-07T17:38:02","date_gmt":"2024-11-07T20:38:02","guid":{"rendered":"https:\/\/fphv.org\/?p=1271"},"modified":"2024-12-26T17:39:44","modified_gmt":"2024-12-26T20:39:44","slug":"encuentro-regional-sociedad-civil-liderazgo-juvenil-y-fortalecimiento-de-la-democracia-en-la-plata","status":"publish","type":"post","link":"https:\/\/fphv.org\/?p=1271","title":{"rendered":"ENCUENTRO REGIONAL: SOCIEDAD CIVIL, LIDERAZGO JUVENIL Y FORTALECIMIENTO DE LA DEMOCRACIA EN LA PLATA"},"content":{"rendered":"\n<p>El martes 26 de noviembre te invitamos a participar en el Encuentro de Sociedad Civil en Red en el Colegio de la Abogac\u00eda. Este evento es una oportunidad \u00fanica para fortalecer organizaciones civiles, promover el liderazgo juvenil y contribuir al fortalecimiento de la democracia.<\/p>\n\n\n\n<p>Organizado por la Fundaci\u00f3n Pro Humanae Vitae, junto a diversas organizaciones locales, este <a><\/a>encuentro es clave para el futuro de nuestra sociedad.<\/p>\n\n\n\n<p>Ven\u00ed a disfrutar de los talleres, charlas y espacios de networking. Adem\u00e1s, tendr\u00e1s la oportunidad de conocer a las diversas redes que forman parte del proyecto Sociedad Civil en Red.<\/p>\n\n\n\n<p><img decoding=\"async\" height=\"16\" width=\"16\" alt=\"\ud83d\uddd3\ufe0f\" src=\"https:\/\/static.xx.fbcdn.net\/images\/emoji.php\/v9\/t5c\/1\/16\/1f5d3.png\">Martes 26 de Noviembre<\/p>\n\n\n\n<p><img decoding=\"async\" height=\"16\" width=\"16\" alt=\"\ud83d\udccd\" src=\"https:\/\/static.xx.fbcdn.net\/images\/emoji.php\/v9\/t2d\/1\/16\/1f4cd.png\">Colegio de la Abogac\u00eda Av 13 N\u00ba 821<\/p>\n\n\n\n<p><img decoding=\"async\" height=\"16\" width=\"16\" alt=\"\ud83d\udd51\" src=\"https:\/\/static.xx.fbcdn.net\/images\/emoji.php\/v9\/t29\/1\/16\/1f551.png\">De 10 a 18 horas<\/p>\n\n\n\n<p>\u00a1Actividad con inscripci\u00f3n previa! Encontr\u00e1 el link en nuestra biograf\u00eda. <img loading=\"lazy\" decoding=\"async\" height=\"16\" width=\"16\" alt=\"\ud83d\ude4c\" src=\"https:\/\/static.xx.fbcdn.net\/images\/emoji.php\/v9\/tfd\/1\/16\/1f64c.png\"><img loading=\"lazy\" decoding=\"async\" height=\"16\" width=\"16\" alt=\"\u2728\" src=\"https:\/\/static.xx.fbcdn.net\/images\/emoji.php\/v9\/tf4\/1\/16\/2728.png\"><\/p>\n\n\n\n<p><a href=\"https:\/\/www.facebook.com\/hashtag\/sociedadcivil?__eep__=6&amp;__cft__[0]=AZVQBmLq_sqXUYHx74YNgEwjYc33AsGVynIvtq0MVaOdE1nOIz8R41pGYWiJ6cDXs-rPsjBWrnYW-NWBDfaMWVjVe0VClc4uFHj3ZV2VxpDjdcKPVb1qD1e9gmlDjS-LEoSvsMeGfgzh0PqFMrztz5TVVM5h95QtNkLP3rAj0D0trcoMI8S79rGi4QEJ95YJJlU&amp;__tn__=*NK-R\">#sociedadcivil<\/a><a href=\"https:\/\/www.facebook.com\/hashtag\/liderazgojuvenil?__eep__=6&amp;__cft__[0]=AZVQBmLq_sqXUYHx74YNgEwjYc33AsGVynIvtq0MVaOdE1nOIz8R41pGYWiJ6cDXs-rPsjBWrnYW-NWBDfaMWVjVe0VClc4uFHj3ZV2VxpDjdcKPVb1qD1e9gmlDjS-LEoSvsMeGfgzh0PqFMrztz5TVVM5h95QtNkLP3rAj0D0trcoMI8S79rGi4QEJ95YJJlU&amp;__tn__=*NK-R\">#liderazgojuvenil<\/a><a href=\"https:\/\/www.facebook.com\/hashtag\/fortaleciendolademocracia?__eep__=6&amp;__cft__[0]=AZVQBmLq_sqXUYHx74YNgEwjYc33AsGVynIvtq0MVaOdE1nOIz8R41pGYWiJ6cDXs-rPsjBWrnYW-NWBDfaMWVjVe0VClc4uFHj3ZV2VxpDjdcKPVb1qD1e9gmlDjS-LEoSvsMeGfgzh0PqFMrztz5TVVM5h95QtNkLP3rAj0D0trcoMI8S79rGi4QEJ95YJJlU&amp;__tn__=*NK-R\">#fortaleciendolademocracia<\/a><\/p>\n","protected":false},"excerpt":{"rendered":"<p>El martes 26 de noviembre te invitamos a participar en el Encuentro de Sociedad Civil en Red en el Colegio de la Abogac\u00eda. Este evento es una oportunidad \u00fanica para fortalecer organizaciones civiles, promover el liderazgo juvenil y contribuir al fortalecimiento de la democracia. Organizado por la Fundaci\u00f3n Pro Humanae Vitae, junto a diversas organizaciones [&hellip;]<\/p>\n","protected":false},"author":5,"featured_media":1272,"comment_status":"closed","ping_status":"closed","sticky":false,"template":"","format":"standard","meta":{"footnotes":""},"categories":[1],"tags":[],"class_list":["post-1271","post","type-post","status-publish","format-standard","has-post-thumbnail","hentry","category-eventos"],"_links":{"self":[{"href":"https:\/\/fphv.org\/index.php?rest_route=\/wp\/v2\/posts\/1271","targetHints":{"allow":["GET"]}}],"collection":[{"href":"https:\/\/fphv.org\/index.php?rest_route=\/wp\/v2\/posts"}],"about":[{"href":"https:\/\/fphv.org\/index.php?rest_route=\/wp\/v2\/types\/post"}],"author":[{"embeddable":true,"href":"https:\/\/fphv.org\/index.php?rest_route=\/wp\/v2\/users\/5"}],"replies":[{"embeddable":true,"href":"https:\/\/fphv.org\/index.php?rest_route=%2Fwp%2Fv2%2Fcomments&post=1271"}],"version-history":[{"count":1,"href":"https:\/\/fphv.org\/index.php?rest_route=\/wp\/v2\/posts\/1271\/revisions"}],"predecessor-version":[{"id":1273,"href":"https:\/\/fphv.org\/index.php?rest_route=\/wp\/v2\/posts\/1271\/revisions\/1273"}],"wp:featuredmedia":[{"embeddable":true,"href":"https:\/\/fphv.org\/index.php?rest_route=\/wp\/v2\/media\/1272"}],"wp:attachment":[{"href":"https:\/\/fphv.org\/index.php?rest_route=%2Fwp%2Fv2%2Fmedia&parent=1271"}],"wp:term":[{"taxonomy":"category","embeddable":true,"href":"https:\/\/fphv.org\/index.php?rest_route=%2Fwp%2Fv2%2Fcategories&post=1271"},{"taxonomy":"post_tag","embeddable":true,"href":"https:\/\/fphv.org\/index.php?rest_route=%2Fwp%2Fv2%2Ftags&post=1271"}],"curies":[{"name":"wp","href":"https:\/\/api.w.org\/{rel}","templated":true}]}}