{"id":1264,"date":"2024-11-05T17:24:00","date_gmt":"2024-11-05T20:24:00","guid":{"rendered":"https:\/\/fphv.org\/?p=1264"},"modified":"2024-12-26T17:28:25","modified_gmt":"2024-12-26T20:28:25","slug":"visita-del-vicepresidente-del-congreso-de-guangdong-a-la-ciudad-de-la-plata","status":"publish","type":"post","link":"https:\/\/fphv.org\/?p=1264","title":{"rendered":"VISITA DEL VICEPRESIDENTE DEL CONGRESO DE GUANGDONG A LA CIUDAD DE LA PLATA"},"content":{"rendered":"\n<p>El viernes 1\u00b0 de noviembre, una importante delegaci\u00f3n proveniente de la regi\u00f3n de Cant\u00f3n, liderada por el Vicepresidente del Congreso de Guangdong, Cen Jing, visit\u00f3 la sede de la Fundaci\u00f3n Pro Humanae Vitae y mantuvo una reuni\u00f3n con importantes l\u00edderes del sector social, pol\u00edtico y empresario.<\/p>\n\n\n\n<p>Fueron recibidos en ese marco por el presidente de la FPHV, Rafael Velazquez junto al presidente <a><\/a>de la C\u00e1mara de Comercio de Guangdong en Argentina, Yu Yonghui y la secretaria de la C\u00e1mara de Comercio de Guangdong en Argentina, Alicia He. Asimismo estuvieron presentes en la reuni\u00f3n, Lucas Castagneto, Subsecretario de Pol\u00edticas Poblacionales del Gobierno de la Provincia de Buenos Aires; Paula Lambertini, Secretaria de Educaci\u00f3n de la Municipalidad de La Plata; Silvana Moreno de la Subsecretaria de Politicas Poblacionales de la Provincia; Mart\u00edn Bizet, presidente de la C\u00e1mara de Comercio de City Bell; Martin Ranea, presidente de la Asociaci\u00f3n Amigos de Calle Doce; Alicia He, Secretaria General de la C\u00e1mara de Comercio de Guangdong; Diego Aguirre &#8211; CEO Construyo al Costo; Roberto de Luca de Construyo al Costo; Diego Gonzalez, director del Instituto de Deportes de la FPHV.<\/p>\n\n\n\n<p>Durante la reuni\u00f3n, se destac\u00f3 la conexi\u00f3n intercultural entre la Fundaci\u00f3n y los representantes chinos, subrayando el papel de la FPHV como embajadora de las tradiciones chinas en Argentina, como es el evento del A\u00f1o Nuevo Chino, el m\u00e1s grande del continente. Esta reuni\u00f3n busco fortalecer la cooperaci\u00f3n en materia econ\u00f3mica, medioambiental y alentar el intercambio cultural entre la ciudad de Guangdong y la ciudad de La Plata.<\/p>\n\n\n\n<p>Al finalizar la reuni\u00f3n se realizo la firma de acuerdos para seguir trabajando en conjunto y poder expandir la cultura china en nuestro territorio. Al finalizar el proceso de firmas se realizo un intercambio de regalos tradicionales de cada pais dando a entender que la conexi\u00f3n intercultural es vital para el desarrollo.<img decoding=\"async\" height=\"16\" width=\"16\" alt=\"\ud83c\udf0f\" src=\"https:\/\/static.xx.fbcdn.net\/images\/emoji.php\/v9\/t41\/1\/16\/1f30f.png\"><img decoding=\"async\" height=\"16\" width=\"16\" alt=\"\ud83d\udcac\" src=\"https:\/\/static.xx.fbcdn.net\/images\/emoji.php\/v9\/t6e\/1\/16\/1f4ac.png\"><\/p>\n\n\n\n<p><a href=\"https:\/\/www.facebook.com\/hashtag\/cooperaci%C3%B3ninternacional?__eep__=6&amp;__cft__[0]=AZV1YrFeTEmBN3SinlOZdE7eMZU97XGodRi5tty0whZlSlKWS-QVOtIQBXtryT92qTTMGCDUFP2gQdwecRlhTBub4odAj5jOcnZ7krrkmcsw2nmGzr1Two8Iquj_pOEY32j6Pk0Hyo1roxqsfkeGJKFRh-haeh3l1BjqvMmYdPChxHuPUD4-rWrvA9nnLH9WDKQ&amp;__tn__=*NK-R\">#cooperaci\u00f3ninternacional<\/a><a href=\"https:\/\/www.facebook.com\/hashtag\/intercultura?__eep__=6&amp;__cft__[0]=AZV1YrFeTEmBN3SinlOZdE7eMZU97XGodRi5tty0whZlSlKWS-QVOtIQBXtryT92qTTMGCDUFP2gQdwecRlhTBub4odAj5jOcnZ7krrkmcsw2nmGzr1Two8Iquj_pOEY32j6Pk0Hyo1roxqsfkeGJKFRh-haeh3l1BjqvMmYdPChxHuPUD4-rWrvA9nnLH9WDKQ&amp;__tn__=*NK-R\">#intercultura<\/a><a href=\"https:\/\/www.facebook.com\/hashtag\/delegacionguangdong?__eep__=6&amp;__cft__[0]=AZV1YrFeTEmBN3SinlOZdE7eMZU97XGodRi5tty0whZlSlKWS-QVOtIQBXtryT92qTTMGCDUFP2gQdwecRlhTBub4odAj5jOcnZ7krrkmcsw2nmGzr1Two8Iquj_pOEY32j6Pk0Hyo1roxqsfkeGJKFRh-haeh3l1BjqvMmYdPChxHuPUD4-rWrvA9nnLH9WDKQ&amp;__tn__=*NK-R\">#delegacionguangdong<\/a><a href=\"https:\/\/www.facebook.com\/hashtag\/fphv?__eep__=6&amp;__cft__[0]=AZV1YrFeTEmBN3SinlOZdE7eMZU97XGodRi5tty0whZlSlKWS-QVOtIQBXtryT92qTTMGCDUFP2gQdwecRlhTBub4odAj5jOcnZ7krrkmcsw2nmGzr1Two8Iquj_pOEY32j6Pk0Hyo1roxqsfkeGJKFRh-haeh3l1BjqvMmYdPChxHuPUD4-rWrvA9nnLH9WDKQ&amp;__tn__=*NK-R\">#fphv<\/a><\/p>\n\n\n\n<p><\/p>\n","protected":false},"excerpt":{"rendered":"<p>El viernes 1\u00b0 de noviembre, una importante delegaci\u00f3n proveniente de la regi\u00f3n de Cant\u00f3n, liderada por el Vicepresidente del Congreso de Guangdong, Cen Jing, visit\u00f3 la sede de la Fundaci\u00f3n Pro Humanae Vitae y mantuvo una reuni\u00f3n con importantes l\u00edderes del sector social, pol\u00edtico y empresario. Fueron recibidos en ese marco por el presidente de [&hellip;]<\/p>\n","protected":false},"author":5,"featured_media":1265,"comment_status":"closed","ping_status":"closed","sticky":false,"template":"","format":"standard","meta":{"footnotes":""},"categories":[2],"tags":[],"class_list":["post-1264","post","type-post","status-publish","format-standard","has-post-thumbnail","hentry","category-prensa"],"_links":{"self":[{"href":"https:\/\/fphv.org\/index.php?rest_route=\/wp\/v2\/posts\/1264","targetHints":{"allow":["GET"]}}],"collection":[{"href":"https:\/\/fphv.org\/index.php?rest_route=\/wp\/v2\/posts"}],"about":[{"href":"https:\/\/fphv.org\/index.php?rest_route=\/wp\/v2\/types\/post"}],"author":[{"embeddable":true,"href":"https:\/\/fphv.org\/index.php?rest_route=\/wp\/v2\/users\/5"}],"replies":[{"embeddable":true,"href":"https:\/\/fphv.org\/index.php?rest_route=%2Fwp%2Fv2%2Fcomments&post=1264"}],"version-history":[{"count":1,"href":"https:\/\/fphv.org\/index.php?rest_route=\/wp\/v2\/posts\/1264\/revisions"}],"predecessor-version":[{"id":1266,"href":"https:\/\/fphv.org\/index.php?rest_route=\/wp\/v2\/posts\/1264\/revisions\/1266"}],"wp:featuredmedia":[{"embeddable":true,"href":"https:\/\/fphv.org\/index.php?rest_route=\/wp\/v2\/media\/1265"}],"wp:attachment":[{"href":"https:\/\/fphv.org\/index.php?rest_route=%2Fwp%2Fv2%2Fmedia&parent=1264"}],"wp:term":[{"taxonomy":"category","embeddable":true,"href":"https:\/\/fphv.org\/index.php?rest_route=%2Fwp%2Fv2%2Fcategories&post=1264"},{"taxonomy":"post_tag","embeddable":true,"href":"https:\/\/fphv.org\/index.php?rest_route=%2Fwp%2Fv2%2Ftags&post=1264"}],"curies":[{"name":"wp","href":"https:\/\/api.w.org\/{rel}","templated":true}]}}