{"id":1254,"date":"2024-10-31T17:23:00","date_gmt":"2024-10-31T20:23:00","guid":{"rendered":"https:\/\/fphv.org\/?p=1254"},"modified":"2024-12-20T17:25:07","modified_gmt":"2024-12-20T20:25:07","slug":"31-de-octubre-aniversario-29-de-la-fundacion","status":"publish","type":"post","link":"https:\/\/fphv.org\/?p=1254","title":{"rendered":"31 DE OCTUBRE &#8211; ANIVERSARIO 29 DE LA FUNDACI\u00d3N"},"content":{"rendered":"\n<p>Hoy celebramos 29 a\u00f1os de compromiso y transformaci\u00f3n en la Fundaci\u00f3n Pro Humanae Vitae. Desde 1995, hemos trabajado incansablemente para crear oportunidades y promover el desarrollo integral de nuestra comunidad.<\/p>\n\n\n\n<p>Este aniversario es un homenaje a todos quienes son y han sido parte de nuestra misi\u00f3n. Juntos, seguimos construyendo un futuro m\u00e1s justo y solidario.<\/p>\n\n\n\n<p><a><\/a>\u00a1Gracias por acompa\u00f1arnos todos estos a\u00f1os!<\/p>\n\n\n\n<p><a href=\"https:\/\/www.facebook.com\/hashtag\/29a%C3%B1osdeimpacto?__eep__=6&amp;__cft__[0]=AZXYHj1V4AzHJxisKk-rXQ59dqEbieYa1P3GtoyFFQ5biw9mv04JyMWk8t94cEWQzTpPd443vbulllZVUilo_EdZXYULEFfVfqZ2W_US0Cw5AIq5dwTOtdLyiMX8hVf9NBehf3J3K9DZb28xvoQfhR_IJq_VWVOdgF_gqDLKBSvg6o5Y1447Zl9X-2CMcharWlQ&amp;__tn__=*NK-R\">#29a\u00f1osdeimpacto<\/a><a href=\"https:\/\/www.facebook.com\/hashtag\/fphv?__eep__=6&amp;__cft__[0]=AZXYHj1V4AzHJxisKk-rXQ59dqEbieYa1P3GtoyFFQ5biw9mv04JyMWk8t94cEWQzTpPd443vbulllZVUilo_EdZXYULEFfVfqZ2W_US0Cw5AIq5dwTOtdLyiMX8hVf9NBehf3J3K9DZb28xvoQfhR_IJq_VWVOdgF_gqDLKBSvg6o5Y1447Zl9X-2CMcharWlQ&amp;__tn__=*NK-R\">#fphv<\/a><a href=\"https:\/\/www.facebook.com\/hashtag\/aniversario?__eep__=6&amp;__cft__[0]=AZXYHj1V4AzHJxisKk-rXQ59dqEbieYa1P3GtoyFFQ5biw9mv04JyMWk8t94cEWQzTpPd443vbulllZVUilo_EdZXYULEFfVfqZ2W_US0Cw5AIq5dwTOtdLyiMX8hVf9NBehf3J3K9DZb28xvoQfhR_IJq_VWVOdgF_gqDLKBSvg6o5Y1447Zl9X-2CMcharWlQ&amp;__tn__=*NK-R\">#aniversario<\/a><\/p>\n","protected":false},"excerpt":{"rendered":"<p>Hoy celebramos 29 a\u00f1os de compromiso y transformaci\u00f3n en la Fundaci\u00f3n Pro Humanae Vitae. Desde 1995, hemos trabajado incansablemente para crear oportunidades y promover el desarrollo integral de nuestra comunidad. Este aniversario es un homenaje a todos quienes son y han sido parte de nuestra misi\u00f3n. Juntos, seguimos construyendo un futuro m\u00e1s justo y solidario. [&hellip;]<\/p>\n","protected":false},"author":5,"featured_media":1255,"comment_status":"closed","ping_status":"closed","sticky":false,"template":"","format":"standard","meta":{"footnotes":""},"categories":[1],"tags":[],"class_list":["post-1254","post","type-post","status-publish","format-standard","has-post-thumbnail","hentry","category-eventos"],"_links":{"self":[{"href":"https:\/\/fphv.org\/index.php?rest_route=\/wp\/v2\/posts\/1254","targetHints":{"allow":["GET"]}}],"collection":[{"href":"https:\/\/fphv.org\/index.php?rest_route=\/wp\/v2\/posts"}],"about":[{"href":"https:\/\/fphv.org\/index.php?rest_route=\/wp\/v2\/types\/post"}],"author":[{"embeddable":true,"href":"https:\/\/fphv.org\/index.php?rest_route=\/wp\/v2\/users\/5"}],"replies":[{"embeddable":true,"href":"https:\/\/fphv.org\/index.php?rest_route=%2Fwp%2Fv2%2Fcomments&post=1254"}],"version-history":[{"count":1,"href":"https:\/\/fphv.org\/index.php?rest_route=\/wp\/v2\/posts\/1254\/revisions"}],"predecessor-version":[{"id":1256,"href":"https:\/\/fphv.org\/index.php?rest_route=\/wp\/v2\/posts\/1254\/revisions\/1256"}],"wp:featuredmedia":[{"embeddable":true,"href":"https:\/\/fphv.org\/index.php?rest_route=\/wp\/v2\/media\/1255"}],"wp:attachment":[{"href":"https:\/\/fphv.org\/index.php?rest_route=%2Fwp%2Fv2%2Fmedia&parent=1254"}],"wp:term":[{"taxonomy":"category","embeddable":true,"href":"https:\/\/fphv.org\/index.php?rest_route=%2Fwp%2Fv2%2Fcategories&post=1254"},{"taxonomy":"post_tag","embeddable":true,"href":"https:\/\/fphv.org\/index.php?rest_route=%2Fwp%2Fv2%2Ftags&post=1254"}],"curies":[{"name":"wp","href":"https:\/\/api.w.org\/{rel}","templated":true}]}}