{"id":1248,"date":"2024-10-24T17:16:00","date_gmt":"2024-10-24T20:16:00","guid":{"rendered":"https:\/\/fphv.org\/?p=1248"},"modified":"2024-12-20T17:20:57","modified_gmt":"2024-12-20T20:20:57","slug":"este-24-de-octubre-celebramos-el-aniversario-de-la-fundacion-de-la-organizacion-de-las-naciones-unidas","status":"publish","type":"post","link":"https:\/\/fphv.org\/?p=1248","title":{"rendered":"Este 24 de octubre, celebramos el Aniversario de la Fundaci\u00f3n de la Organizaci\u00f3n de las Naciones Unidas."},"content":{"rendered":"\n<p>Esta fecha emblem\u00e1tica conmemora el momento en que, en 1945, la Carta de las Naciones Unidas cobr\u00f3 vida tras ser ratificada por un n\u00famero significativo de pa\u00edses. <img decoding=\"async\" height=\"16\" width=\"16\" alt=\"\ud83d\udcdc\" src=\"https:\/\/static.xx.fbcdn.net\/images\/emoji.php\/v9\/t4b\/1\/16\/1f4dc.png\"><\/p>\n\n\n\n<p>La ONU fue creada con un prop\u00f3sito claro: promover la paz y la seguridad global a trav\u00e9s de la resoluci\u00f3n pac\u00edfica de conflictos. En Fundaci\u00f3n Pro Humanae Vitae, abrazamos estos valores fundamentales y <a><\/a>trabajamos para difundirlos. <img decoding=\"async\" height=\"16\" width=\"16\" alt=\"\ud83c\udf0d\" src=\"https:\/\/static.xx.fbcdn.net\/images\/emoji.php\/v9\/t3f\/1\/16\/1f30d.png\"><\/p>\n\n\n\n<p>Como miembros del Status Consultivo Especial en el Consejo Econ\u00f3mico y Social de la ONU, fortalecemos nuestra participaci\u00f3n cada a\u00f1o, comprometidos con la Agenda 2030 y los 17 Objetivos de Desarrollo Sostenible que gu\u00edan nuestras acciones hacia un futuro m\u00e1s justo y sostenible. <img decoding=\"async\" height=\"16\" width=\"16\" alt=\"\ud83c\udf31\" src=\"https:\/\/static.xx.fbcdn.net\/images\/emoji.php\/v9\/t69\/1\/16\/1f331.png\"><img loading=\"lazy\" decoding=\"async\" height=\"16\" width=\"16\" alt=\"\u2728\" src=\"https:\/\/static.xx.fbcdn.net\/images\/emoji.php\/v9\/tf4\/1\/16\/2728.png\"><\/p>\n\n\n\n<p><a href=\"https:\/\/l.facebook.com\/l.php?u=https%3A%2F%2Fwww.instagram.com%2F_u%2Fnacionesunidas%3Ffbclid%3DIwZXh0bgNhZW0CMTAAAR06GLoPw5EyNxswkNUlsIyqXXhvQlPcDsSFaRShqO3mHQpoBOu8wB01xQ4_aem_VAREuupUiNe7CPWVvG5EMg&amp;h=AT2CBhvpItgKvZbBJlyJ491wO-ZeWfzemV7uOXoN3wSdaj4tBh7BFkx_ZYuO3YeFbkqv9WUFzBXt1PNlmKsdqP1sLKzvA0pbpHpIrC3VeCRc4UTVpoWjWyRYxgq-BMRa-hUN&amp;__tn__=-UK-R&amp;c[0]=AT3Khi9xABxcWoeBqOA7nLBDbagQPW6ox3Nx0XbfYXwHGDUje3GZPGg7Z_480LXinQOFv8rqwRpDXyCBIs1QxtJQkUG4e9Jre-jlE6PtsfZEBQo5_K-D3V7cjDR6NALuzBFWBwCKJgtHGzJ-c7N9KDyBwzay5X1DKaf_RNHDN0H9ojs1kslZm-V2ThmhlZlp-_c-sdL_7pIPsdFqTJU7mzA6Uw\" rel=\"noreferrer noopener\" target=\"_blank\">@nacionesunidas<\/a><a href=\"https:\/\/l.facebook.com\/l.php?u=https%3A%2F%2Fwww.instagram.com%2F_u%2Fonuargentina%3Ffbclid%3DIwZXh0bgNhZW0CMTAAAR2tqo9Lf6I1gKA719gAKZMFVU3Xte1ny4EvVjoaVn05YolzRZB5T5G8AeA_aem_nuPmrJHuT80R1sOEM3pAKg&amp;h=AT0ZF2yKQ-jxvdg-9aHUT8WByeoMYNq2ago21Vf3lTjR8MBU5LOLebVvq4VITMkecpMuNOgXn0DQoXcwcp1co3LIXNtOrowcihnUl1kBKjlNVQ4swa51yxger5gjmtRyf0w9&amp;__tn__=-UK-R&amp;c[0]=AT3Khi9xABxcWoeBqOA7nLBDbagQPW6ox3Nx0XbfYXwHGDUje3GZPGg7Z_480LXinQOFv8rqwRpDXyCBIs1QxtJQkUG4e9Jre-jlE6PtsfZEBQo5_K-D3V7cjDR6NALuzBFWBwCKJgtHGzJ-c7N9KDyBwzay5X1DKaf_RNHDN0H9ojs1kslZm-V2ThmhlZlp-_c-sdL_7pIPsdFqTJU7mzA6Uw\" rel=\"noreferrer noopener\" target=\"_blank\">@onuargentina<\/a><\/p>\n\n\n\n<p><\/p>\n","protected":false},"excerpt":{"rendered":"<p>Esta fecha emblem\u00e1tica conmemora el momento en que, en 1945, la Carta de las Naciones Unidas cobr\u00f3 vida tras ser ratificada por un n\u00famero significativo de pa\u00edses. La ONU fue creada con un prop\u00f3sito claro: promover la paz y la seguridad global a trav\u00e9s de la resoluci\u00f3n pac\u00edfica de conflictos. En Fundaci\u00f3n Pro Humanae Vitae, [&hellip;]<\/p>\n","protected":false},"author":5,"featured_media":1249,"comment_status":"closed","ping_status":"closed","sticky":false,"template":"","format":"standard","meta":{"footnotes":""},"categories":[2],"tags":[],"class_list":["post-1248","post","type-post","status-publish","format-standard","has-post-thumbnail","hentry","category-prensa"],"_links":{"self":[{"href":"https:\/\/fphv.org\/index.php?rest_route=\/wp\/v2\/posts\/1248","targetHints":{"allow":["GET"]}}],"collection":[{"href":"https:\/\/fphv.org\/index.php?rest_route=\/wp\/v2\/posts"}],"about":[{"href":"https:\/\/fphv.org\/index.php?rest_route=\/wp\/v2\/types\/post"}],"author":[{"embeddable":true,"href":"https:\/\/fphv.org\/index.php?rest_route=\/wp\/v2\/users\/5"}],"replies":[{"embeddable":true,"href":"https:\/\/fphv.org\/index.php?rest_route=%2Fwp%2Fv2%2Fcomments&post=1248"}],"version-history":[{"count":1,"href":"https:\/\/fphv.org\/index.php?rest_route=\/wp\/v2\/posts\/1248\/revisions"}],"predecessor-version":[{"id":1250,"href":"https:\/\/fphv.org\/index.php?rest_route=\/wp\/v2\/posts\/1248\/revisions\/1250"}],"wp:featuredmedia":[{"embeddable":true,"href":"https:\/\/fphv.org\/index.php?rest_route=\/wp\/v2\/media\/1249"}],"wp:attachment":[{"href":"https:\/\/fphv.org\/index.php?rest_route=%2Fwp%2Fv2%2Fmedia&parent=1248"}],"wp:term":[{"taxonomy":"category","embeddable":true,"href":"https:\/\/fphv.org\/index.php?rest_route=%2Fwp%2Fv2%2Fcategories&post=1248"},{"taxonomy":"post_tag","embeddable":true,"href":"https:\/\/fphv.org\/index.php?rest_route=%2Fwp%2Fv2%2Ftags&post=1248"}],"curies":[{"name":"wp","href":"https:\/\/api.w.org\/{rel}","templated":true}]}}