{"id":1245,"date":"2024-10-23T17:14:00","date_gmt":"2024-10-23T20:14:00","guid":{"rendered":"https:\/\/fphv.org\/?p=1245"},"modified":"2024-12-20T17:16:08","modified_gmt":"2024-12-20T20:16:08","slug":"curso-de-actualizacion-para-cuidadores-de-personas-mayores-2","status":"publish","type":"post","link":"https:\/\/fphv.org\/?p=1245","title":{"rendered":"Curso de Actualizaci\u00f3n para Cuidadores de Personas Mayores"},"content":{"rendered":"\n<p><img decoding=\"async\" height=\"16\" width=\"16\" alt=\"\ud83d\uddd3\ufe0f\" src=\"https:\/\/static.xx.fbcdn.net\/images\/emoji.php\/v9\/t5c\/1\/16\/1f5d3.png\"> Inicio: 1 de Noviembre<\/p>\n\n\n\n<p><img decoding=\"async\" height=\"16\" width=\"16\" alt=\"\ud83d\udccd\" src=\"https:\/\/static.xx.fbcdn.net\/images\/emoji.php\/v9\/t2d\/1\/16\/1f4cd.png\"> Sede: FPHV, Av. 53 #654<\/p>\n\n\n\n<p>Desde el Instituto de la Nueva Edad de la FPHV y el Grupo Universitario Multidisciplinario de Investigaci\u00f3n sobre Vejez y envejecimiento poblacional los invitamos a participar del curso de 6 clases presenciales con el Prof. Dr. Oscar Ojea, M\u00e9dico Geront\u00f3logo.<\/p>\n\n\n\n<p>Aprender\u00e1s sobre el rol del cuidador, las enfermedades comunes en ancianos y c\u00f3mo brindar cuidados efectivos tanto en instituciones como en el hogar. Tambi\u00e9n exploraremos actividades recreativas y la importancia del trabajo en equipo.<\/p>\n\n\n\n<p>Al finalizar, recibir\u00e1s un certificado de asistencia. \u00a1No pierdas la oportunidad de mejorar tus habilidades y hacer una diferencia en la vida de nuestros mayores!<\/p>\n\n\n\n<p>\u00a1Inscr\u00edbete ahora! [Link en bio]<\/p>\n\n\n\n<p>ACTIVIDAD ARANCELADA CON INSCRIPCION PREVIA.<\/p>\n\n\n\n<p>Para m\u00e1s informaci\u00f3n escribir a capacitacionesfphv@gmail.com<\/p>\n\n\n\n<p><a href=\"https:\/\/www.facebook.com\/hashtag\/personasmayores?__eep__=6&amp;__cft__[0]=AZXrIJq4X7gUFZquta96j2uYPW9Mt62DUbQM3D-_7XkhCehiF1yXuNyXP7SvR30to60Uggv4dCBF7GsNdNwXHlF5NjGmIhgsra6-LQOs7666PipYj98pzXrWiw_S6HNwgCHDk85itiC08r3qUtlBp3cKBeVsWcJILpiMovoR2NsLUmo5eh_yCjfiBncXdmalZsk&amp;__tn__=*NK-R\">#personasmayores<\/a><a href=\"https:\/\/www.facebook.com\/hashtag\/cuidadoresdepersonasmayores?__eep__=6&amp;__cft__[0]=AZXrIJq4X7gUFZquta96j2uYPW9Mt62DUbQM3D-_7XkhCehiF1yXuNyXP7SvR30to60Uggv4dCBF7GsNdNwXHlF5NjGmIhgsra6-LQOs7666PipYj98pzXrWiw_S6HNwgCHDk85itiC08r3qUtlBp3cKBeVsWcJILpiMovoR2NsLUmo5eh_yCjfiBncXdmalZsk&amp;__tn__=*NK-R\">#cuidadoresdepersonasmayores<\/a><a href=\"https:\/\/www.facebook.com\/hashtag\/guiep?__eep__=6&amp;__cft__[0]=AZXrIJq4X7gUFZquta96j2uYPW9Mt62DUbQM3D-_7XkhCehiF1yXuNyXP7SvR30to60Uggv4dCBF7GsNdNwXHlF5NjGmIhgsra6-LQOs7666PipYj98pzXrWiw_S6HNwgCHDk85itiC08r3qUtlBp3cKBeVsWcJILpiMovoR2NsLUmo5eh_yCjfiBncXdmalZsk&amp;__tn__=*NK-R\">#guiep<\/a><a href=\"https:\/\/www.facebook.com\/hashtag\/fphv?__eep__=6&amp;__cft__[0]=AZXrIJq4X7gUFZquta96j2uYPW9Mt62DUbQM3D-_7XkhCehiF1yXuNyXP7SvR30to60Uggv4dCBF7GsNdNwXHlF5NjGmIhgsra6-LQOs7666PipYj98pzXrWiw_S6HNwgCHDk85itiC08r3qUtlBp3cKBeVsWcJILpiMovoR2NsLUmo5eh_yCjfiBncXdmalZsk&amp;__tn__=*NK-R\">#fphv<\/a><a href=\"https:\/\/www.facebook.com\/hashtag\/nuevaedad?__eep__=6&amp;__cft__[0]=AZXrIJq4X7gUFZquta96j2uYPW9Mt62DUbQM3D-_7XkhCehiF1yXuNyXP7SvR30to60Uggv4dCBF7GsNdNwXHlF5NjGmIhgsra6-LQOs7666PipYj98pzXrWiw_S6HNwgCHDk85itiC08r3qUtlBp3cKBeVsWcJILpiMovoR2NsLUmo5eh_yCjfiBncXdmalZsk&amp;__tn__=*NK-R\">#nuevaedad<\/a><\/p>\n","protected":false},"excerpt":{"rendered":"<p>Inicio: 1 de Noviembre Sede: FPHV, Av. 53 #654 Desde el Instituto de la Nueva Edad de la FPHV y el Grupo Universitario Multidisciplinario de Investigaci\u00f3n sobre Vejez y envejecimiento poblacional los invitamos a participar del curso de 6 clases presenciales con el Prof. Dr. Oscar Ojea, M\u00e9dico Geront\u00f3logo. Aprender\u00e1s sobre el rol del cuidador, [&hellip;]<\/p>\n","protected":false},"author":5,"featured_media":1246,"comment_status":"closed","ping_status":"closed","sticky":false,"template":"","format":"standard","meta":{"footnotes":""},"categories":[1],"tags":[],"class_list":["post-1245","post","type-post","status-publish","format-standard","has-post-thumbnail","hentry","category-eventos"],"_links":{"self":[{"href":"https:\/\/fphv.org\/index.php?rest_route=\/wp\/v2\/posts\/1245","targetHints":{"allow":["GET"]}}],"collection":[{"href":"https:\/\/fphv.org\/index.php?rest_route=\/wp\/v2\/posts"}],"about":[{"href":"https:\/\/fphv.org\/index.php?rest_route=\/wp\/v2\/types\/post"}],"author":[{"embeddable":true,"href":"https:\/\/fphv.org\/index.php?rest_route=\/wp\/v2\/users\/5"}],"replies":[{"embeddable":true,"href":"https:\/\/fphv.org\/index.php?rest_route=%2Fwp%2Fv2%2Fcomments&post=1245"}],"version-history":[{"count":1,"href":"https:\/\/fphv.org\/index.php?rest_route=\/wp\/v2\/posts\/1245\/revisions"}],"predecessor-version":[{"id":1247,"href":"https:\/\/fphv.org\/index.php?rest_route=\/wp\/v2\/posts\/1245\/revisions\/1247"}],"wp:featuredmedia":[{"embeddable":true,"href":"https:\/\/fphv.org\/index.php?rest_route=\/wp\/v2\/media\/1246"}],"wp:attachment":[{"href":"https:\/\/fphv.org\/index.php?rest_route=%2Fwp%2Fv2%2Fmedia&parent=1245"}],"wp:term":[{"taxonomy":"category","embeddable":true,"href":"https:\/\/fphv.org\/index.php?rest_route=%2Fwp%2Fv2%2Fcategories&post=1245"},{"taxonomy":"post_tag","embeddable":true,"href":"https:\/\/fphv.org\/index.php?rest_route=%2Fwp%2Fv2%2Ftags&post=1245"}],"curies":[{"name":"wp","href":"https:\/\/api.w.org\/{rel}","templated":true}]}}