{"id":1242,"date":"2024-10-22T17:12:00","date_gmt":"2024-10-22T20:12:00","guid":{"rendered":"https:\/\/fphv.org\/?p=1242"},"modified":"2024-12-20T17:13:57","modified_gmt":"2024-12-20T20:13:57","slug":"dia-internacional-contra-el-cancer-de-mama","status":"publish","type":"post","link":"https:\/\/fphv.org\/?p=1242","title":{"rendered":"D\u00cdA INTERNACIONAL CONTRA EL CANCER DE MAMA"},"content":{"rendered":"\n<p>El Instituto de La Mujer en conjunto con la Sociedad M\u00e9dica de La Plata y con la organizaci\u00f3n social Sostenidas de Ra\u00edz Mujeres Unidas en Sanaci\u00f3n de Cancer te invitamos a la Clase abierta \u201cEl poder de la detecci\u00f3n temprana para conocer, prevenir y superar. <img decoding=\"async\" height=\"16\" width=\"16\" alt=\"\ud83d\ude4c\ud83c\udffb\" src=\"https:\/\/static.xx.fbcdn.net\/images\/emoji.php\/v9\/tb8\/1\/16\/1f64c_1f3fb.png\"><\/p>\n\n\n\n<p><img decoding=\"async\" height=\"16\" width=\"16\" alt=\"\ud83d\uddd3\ufe0f\" src=\"https:\/\/static.xx.fbcdn.net\/images\/emoji.php\/v9\/t5c\/1\/16\/1f5d3.png\"> 28 de Octubre<\/p>\n\n\n\n<p><img decoding=\"async\" height=\"16\" width=\"16\" alt=\"\ud83d\udd51\" src=\"https:\/\/static.xx.fbcdn.net\/images\/emoji.php\/v9\/t29\/1\/16\/1f551.png\"><a><\/a>18 hs<\/p>\n\n\n\n<p><img loading=\"lazy\" decoding=\"async\" height=\"16\" width=\"16\" alt=\"\ud83d\udccd\" src=\"https:\/\/static.xx.fbcdn.net\/images\/emoji.php\/v9\/t2d\/1\/16\/1f4cd.png\"> Casa FPHV av. 53 #654<\/p>\n\n\n\n<p>Actividad gratuita con inscripci\u00f3n previa en <a href=\"https:\/\/l.facebook.com\/l.php?u=https%3A%2F%2Fbit.ly%2FIDM-Cancerdemama%3Ffbclid%3DIwZXh0bgNhZW0CMTAAAR06GLoPw5EyNxswkNUlsIyqXXhvQlPcDsSFaRShqO3mHQpoBOu8wB01xQ4_aem_VAREuupUiNe7CPWVvG5EMg&amp;h=AT2hEKOFntA3JqstYi7I-KLan-E9x4UMmVc3CO85_f6diXqsyGxyo-BQUwc_DORgDpn6FaoLs6txA2uiUTJkY25nHhAs3_39yy7YidQH-dsusGpeZ3nmT6Hw9pwiN5EKlroH&amp;__tn__=-UK-R&amp;c[0]=AT02iC00KePSyW6OJHz4U7-QrywLkNjp0DjcN6-FaRl9fv-Tvicv04iyjmM6S_zSZC_V_cWBhmfSUja9Qn9HIFfGJ55itHoyAuvYL2zYUUh4TYDb75t9swXuQG2cdvU7txQUFg7jacztVJcaEPXS8DEkaKD5zPqfWsfahK_hm2-AToqc8Zwn9ex-k9IhHV5Alhty0j0WQP4wZ9d5MjVbbr8slA\" rel=\"noreferrer noopener\" target=\"_blank\">https:\/\/bit.ly\/IDM-Cancerdemama<\/a><\/p>\n\n\n\n<p>Te esperamos!!<\/p>\n\n\n\n<p><a href=\"https:\/\/www.facebook.com\/hashtag\/prevencioncancerdemama?__eep__=6&amp;__cft__[0]=AZX3smXMjv2Tt82JlMc4yOuQLu1yurdnAHujhgNZn9YEo9pUtXrYvKmzolIUpycja4xdV6qO4l7m51u_FdH1qNHr4n-foaaYYWkJKVqwHZCPQRN3OuDtSQLE9QICg8elTII1jcZCLLv1ZoDh2JxkI8_GRHJMxcKt8erlcQ6Ihz1gDvhr1YoXgLVP3zf1Ssqfsx0&amp;__tn__=*NK-R\">#prevencioncancerdemama<\/a><a href=\"https:\/\/www.facebook.com\/hashtag\/charla?__eep__=6&amp;__cft__[0]=AZX3smXMjv2Tt82JlMc4yOuQLu1yurdnAHujhgNZn9YEo9pUtXrYvKmzolIUpycja4xdV6qO4l7m51u_FdH1qNHr4n-foaaYYWkJKVqwHZCPQRN3OuDtSQLE9QICg8elTII1jcZCLLv1ZoDh2JxkI8_GRHJMxcKt8erlcQ6Ihz1gDvhr1YoXgLVP3zf1Ssqfsx0&amp;__tn__=*NK-R\">#charla<\/a><a href=\"https:\/\/www.facebook.com\/hashtag\/institutodelamujer?__eep__=6&amp;__cft__[0]=AZX3smXMjv2Tt82JlMc4yOuQLu1yurdnAHujhgNZn9YEo9pUtXrYvKmzolIUpycja4xdV6qO4l7m51u_FdH1qNHr4n-foaaYYWkJKVqwHZCPQRN3OuDtSQLE9QICg8elTII1jcZCLLv1ZoDh2JxkI8_GRHJMxcKt8erlcQ6Ihz1gDvhr1YoXgLVP3zf1Ssqfsx0&amp;__tn__=*NK-R\">#institutodelamujer<\/a><a href=\"https:\/\/www.facebook.com\/hashtag\/sostenidasderaiz?__eep__=6&amp;__cft__[0]=AZX3smXMjv2Tt82JlMc4yOuQLu1yurdnAHujhgNZn9YEo9pUtXrYvKmzolIUpycja4xdV6qO4l7m51u_FdH1qNHr4n-foaaYYWkJKVqwHZCPQRN3OuDtSQLE9QICg8elTII1jcZCLLv1ZoDh2JxkI8_GRHJMxcKt8erlcQ6Ihz1gDvhr1YoXgLVP3zf1Ssqfsx0&amp;__tn__=*NK-R\">#sostenidasderaiz<\/a><a href=\"https:\/\/www.facebook.com\/hashtag\/fphv?__eep__=6&amp;__cft__[0]=AZX3smXMjv2Tt82JlMc4yOuQLu1yurdnAHujhgNZn9YEo9pUtXrYvKmzolIUpycja4xdV6qO4l7m51u_FdH1qNHr4n-foaaYYWkJKVqwHZCPQRN3OuDtSQLE9QICg8elTII1jcZCLLv1ZoDh2JxkI8_GRHJMxcKt8erlcQ6Ihz1gDvhr1YoXgLVP3zf1Ssqfsx0&amp;__tn__=*NK-R\">#fphv<\/a><\/p>\n","protected":false},"excerpt":{"rendered":"<p>El Instituto de La Mujer en conjunto con la Sociedad M\u00e9dica de La Plata y con la organizaci\u00f3n social Sostenidas de Ra\u00edz Mujeres Unidas en Sanaci\u00f3n de Cancer te invitamos a la Clase abierta \u201cEl poder de la detecci\u00f3n temprana para conocer, prevenir y superar. 28 de Octubre 18 hs Casa FPHV av. 53 #654 [&hellip;]<\/p>\n","protected":false},"author":5,"featured_media":1243,"comment_status":"closed","ping_status":"closed","sticky":false,"template":"","format":"standard","meta":{"footnotes":""},"categories":[1],"tags":[],"class_list":["post-1242","post","type-post","status-publish","format-standard","has-post-thumbnail","hentry","category-eventos"],"_links":{"self":[{"href":"https:\/\/fphv.org\/index.php?rest_route=\/wp\/v2\/posts\/1242","targetHints":{"allow":["GET"]}}],"collection":[{"href":"https:\/\/fphv.org\/index.php?rest_route=\/wp\/v2\/posts"}],"about":[{"href":"https:\/\/fphv.org\/index.php?rest_route=\/wp\/v2\/types\/post"}],"author":[{"embeddable":true,"href":"https:\/\/fphv.org\/index.php?rest_route=\/wp\/v2\/users\/5"}],"replies":[{"embeddable":true,"href":"https:\/\/fphv.org\/index.php?rest_route=%2Fwp%2Fv2%2Fcomments&post=1242"}],"version-history":[{"count":1,"href":"https:\/\/fphv.org\/index.php?rest_route=\/wp\/v2\/posts\/1242\/revisions"}],"predecessor-version":[{"id":1244,"href":"https:\/\/fphv.org\/index.php?rest_route=\/wp\/v2\/posts\/1242\/revisions\/1244"}],"wp:featuredmedia":[{"embeddable":true,"href":"https:\/\/fphv.org\/index.php?rest_route=\/wp\/v2\/media\/1243"}],"wp:attachment":[{"href":"https:\/\/fphv.org\/index.php?rest_route=%2Fwp%2Fv2%2Fmedia&parent=1242"}],"wp:term":[{"taxonomy":"category","embeddable":true,"href":"https:\/\/fphv.org\/index.php?rest_route=%2Fwp%2Fv2%2Fcategories&post=1242"},{"taxonomy":"post_tag","embeddable":true,"href":"https:\/\/fphv.org\/index.php?rest_route=%2Fwp%2Fv2%2Ftags&post=1242"}],"curies":[{"name":"wp","href":"https:\/\/api.w.org\/{rel}","templated":true}]}}