{"id":1227,"date":"2024-10-18T16:55:00","date_gmt":"2024-10-18T19:55:00","guid":{"rendered":"https:\/\/fphv.org\/?p=1227"},"modified":"2024-12-20T17:00:12","modified_gmt":"2024-12-20T20:00:12","slug":"presentacion-del-nuevo-instituto-familias-s-xxi","status":"publish","type":"post","link":"https:\/\/fphv.org\/?p=1227","title":{"rendered":"PRESENTACI\u00d3N DEL NUEVO INSTITUTO FAMILIAS S XXI"},"content":{"rendered":"\n<p>El mi\u00e9rcoles 16 de octubre se present\u00f3 el nuevo Instituto Familias S XXI que tiene la misi\u00f3n de impulsar l\u00edneas de investigaci\u00f3n y formaci\u00f3n que desarrollen programas inclusivos y pr\u00e1cticas innovadoras para fortalecer el bienestar familiar y social. <img decoding=\"async\" height=\"16\" width=\"16\" alt=\"\ud83e\udd1d\" src=\"https:\/\/static.xx.fbcdn.net\/images\/emoji.php\/v9\/t64\/1\/16\/1f91d.png\"><img decoding=\"async\" height=\"16\" width=\"16\" alt=\"\u2728\" src=\"https:\/\/static.xx.fbcdn.net\/images\/emoji.php\/v9\/tf4\/1\/16\/2728.png\"><\/p>\n\n\n\n<p>Contamos con la presencia de sus directoras Romina Goitia y Noelia Ponce de Le\u00f3n y Rafael Velazquez presidente de la FPHV. Adem\u00e1s estuvieron presentes los directores del instituto <a><\/a>de Formaci\u00f3n y promoci\u00f3n de comercio Martin Ranea, Martin Bizet, Marcelo Mancuso y Mat\u00edas Picci, y la directora del instituto de la Mujer Natalia Raciti.<\/p>\n\n\n\n<p>Entre otros invitados se encontraban representantes Defensor\u00eda del Pueblo de la Provincia de Buenos Aires, La Plata y Berazategui; representante del Colegio de la Abogac\u00eda de La Plata; representante del Ministerio de la Mujer y diversidades de la Provincia de Buenos Aires; Secretaria de Mujeres y Diversidades de La Plata; Diputada Nacional Marcela Passo; profesionales de la Salud de la Ciudad de La Plata; Directivos y docentes de instituciones educativas; representantes sindicales; delegadas municipales de Hern\u00e1ndez y de Gonnet; Concejal Florencia Defeo y equipo. Adem\u00e1s los Miembros de la Fundaci\u00f3n Acompa\u00f1ando un Sue\u00f1o.<\/p>\n\n\n\n<p><a href=\"https:\/\/www.facebook.com\/hashtag\/fphv?__eep__=6&amp;__cft__[0]=AZVg9kNMlOGZRajmD4s9I6rl1lnNR151lx8yYxEPLo5e2tq7NqNX1wUqBI4RE8yb2MYHoBSSkmDR8jFwBLAafVN_U7kojoBX06t_DZE3aa0oslnM20q6Q2AVfBbCuTmjBcfd9r-kf7D1cCiC-PXEDVf7C-qDDpODq-3kzaMWPoUWApvZrDjFKisaVHrohr96UBs&amp;__tn__=*NK-R\">#fphv<\/a><a href=\"https:\/\/www.facebook.com\/hashtag\/institutofamiliasxxi?__eep__=6&amp;__cft__[0]=AZVg9kNMlOGZRajmD4s9I6rl1lnNR151lx8yYxEPLo5e2tq7NqNX1wUqBI4RE8yb2MYHoBSSkmDR8jFwBLAafVN_U7kojoBX06t_DZE3aa0oslnM20q6Q2AVfBbCuTmjBcfd9r-kf7D1cCiC-PXEDVf7C-qDDpODq-3kzaMWPoUWApvZrDjFKisaVHrohr96UBs&amp;__tn__=*NK-R\">#institutofamiliasxxi<\/a><a href=\"https:\/\/www.facebook.com\/hashtag\/laplata?__eep__=6&amp;__cft__[0]=AZVg9kNMlOGZRajmD4s9I6rl1lnNR151lx8yYxEPLo5e2tq7NqNX1wUqBI4RE8yb2MYHoBSSkmDR8jFwBLAafVN_U7kojoBX06t_DZE3aa0oslnM20q6Q2AVfBbCuTmjBcfd9r-kf7D1cCiC-PXEDVf7C-qDDpODq-3kzaMWPoUWApvZrDjFKisaVHrohr96UBs&amp;__tn__=*NK-R\">#laplata<\/a><\/p>\n","protected":false},"excerpt":{"rendered":"<p>El mi\u00e9rcoles 16 de octubre se present\u00f3 el nuevo Instituto Familias S XXI que tiene la misi\u00f3n de impulsar l\u00edneas de investigaci\u00f3n y formaci\u00f3n que desarrollen programas inclusivos y pr\u00e1cticas innovadoras para fortalecer el bienestar familiar y social. Contamos con la presencia de sus directoras Romina Goitia y Noelia Ponce de Le\u00f3n y Rafael Velazquez [&hellip;]<\/p>\n","protected":false},"author":5,"featured_media":1228,"comment_status":"closed","ping_status":"closed","sticky":false,"template":"","format":"standard","meta":{"footnotes":""},"categories":[2],"tags":[],"class_list":["post-1227","post","type-post","status-publish","format-standard","has-post-thumbnail","hentry","category-prensa"],"_links":{"self":[{"href":"https:\/\/fphv.org\/index.php?rest_route=\/wp\/v2\/posts\/1227","targetHints":{"allow":["GET"]}}],"collection":[{"href":"https:\/\/fphv.org\/index.php?rest_route=\/wp\/v2\/posts"}],"about":[{"href":"https:\/\/fphv.org\/index.php?rest_route=\/wp\/v2\/types\/post"}],"author":[{"embeddable":true,"href":"https:\/\/fphv.org\/index.php?rest_route=\/wp\/v2\/users\/5"}],"replies":[{"embeddable":true,"href":"https:\/\/fphv.org\/index.php?rest_route=%2Fwp%2Fv2%2Fcomments&post=1227"}],"version-history":[{"count":1,"href":"https:\/\/fphv.org\/index.php?rest_route=\/wp\/v2\/posts\/1227\/revisions"}],"predecessor-version":[{"id":1229,"href":"https:\/\/fphv.org\/index.php?rest_route=\/wp\/v2\/posts\/1227\/revisions\/1229"}],"wp:featuredmedia":[{"embeddable":true,"href":"https:\/\/fphv.org\/index.php?rest_route=\/wp\/v2\/media\/1228"}],"wp:attachment":[{"href":"https:\/\/fphv.org\/index.php?rest_route=%2Fwp%2Fv2%2Fmedia&parent=1227"}],"wp:term":[{"taxonomy":"category","embeddable":true,"href":"https:\/\/fphv.org\/index.php?rest_route=%2Fwp%2Fv2%2Fcategories&post=1227"},{"taxonomy":"post_tag","embeddable":true,"href":"https:\/\/fphv.org\/index.php?rest_route=%2Fwp%2Fv2%2Ftags&post=1227"}],"curies":[{"name":"wp","href":"https:\/\/api.w.org\/{rel}","templated":true}]}}