{"id":1224,"date":"2024-10-14T16:34:00","date_gmt":"2024-10-14T19:34:00","guid":{"rendered":"https:\/\/fphv.org\/?p=1224"},"modified":"2024-12-20T16:55:26","modified_gmt":"2024-12-20T19:55:26","slug":"charla-abierta-libre-y-gratuita-sobre-la-longevidad-y-el-nuevo-paradigma-de-cuidados","status":"publish","type":"post","link":"https:\/\/fphv.org\/?p=1224","title":{"rendered":"CHARLA ABIERTA, LIBRE Y GRATUITA SOBRE \u201cLA LONGEVIDAD Y EL NUEVO PARADIGMA DE CUIDADOS\u201d"},"content":{"rendered":"\n<p>\u00bfSab\u00edas que la poblaci\u00f3n de adultos mayores es el segmento demogr\u00e1fico de m\u00e1s r\u00e1pido crecimiento? Cada vez m\u00e1s personas eligen quedarse en casa, y cada una de ellas necesita al menos cuatro cuidadores.<\/p>\n\n\n\n<p>\u00bfPor qu\u00e9 asistir?<\/p>\n\n\n\n<p>\u2022 <a><\/a>Aprender\u00e1s sobre las nuevas formas de cuidar de personas mayores y c\u00f3mo tu compromiso puede impactar vidas.<\/p>\n\n\n\n<p>\u2022 Descubrir\u00e1s un mercado en crecimiento, la demanda de cuidadores capacitados nunca ha sido tan alta.<\/p>\n\n\n\n<p>\u2022 Adoptaras un enfoque hol\u00edstico y comprender\u00e1s que cada proceso de envejecimiento es \u00fanico y necesita atenci\u00f3n personalizada.<\/p>\n\n\n\n<p>Detalles del evento:<\/p>\n\n\n\n<p>\u2022 Fecha: Viernes 18 de octubre<\/p>\n\n\n\n<p>\u2022 Hora: 16:30<\/p>\n\n\n\n<p>\u2022 Ubicaci\u00f3n: Av. 53 654, Casa FPHV<\/p>\n\n\n\n<p>\u00a1No te pierdas esta oportunidad!<\/p>\n\n\n\n<p>Informaci\u00f3n e inscripci\u00f3n en capacitacionesfphv@gmail.com<\/p>\n\n\n\n<p>\u00a1Te esperamos!<\/p>\n\n\n\n<p><a href=\"https:\/\/www.instagram.com\/_u\/rafaelvelazquezarg?fbclid=IwZXh0bgNhZW0CMTAAAR1PkZ3Hj4PhMg65NyXnM2Zx2gmVqS8YcvvvqhCQ4vYwB6Ofo_Ujf5QLflE_aem_y8LpxTFayNCkPbMTG70c1Q\" rel=\"noreferrer noopener\" target=\"_blank\">@rafaelvelazquezarg<\/a><\/p>\n","protected":false},"excerpt":{"rendered":"<p>\u00bfSab\u00edas que la poblaci\u00f3n de adultos mayores es el segmento demogr\u00e1fico de m\u00e1s r\u00e1pido crecimiento? Cada vez m\u00e1s personas eligen quedarse en casa, y cada una de ellas necesita al menos cuatro cuidadores. \u00bfPor qu\u00e9 asistir? \u2022 Aprender\u00e1s sobre las nuevas formas de cuidar de personas mayores y c\u00f3mo tu compromiso puede impactar vidas. \u2022 [&hellip;]<\/p>\n","protected":false},"author":5,"featured_media":1225,"comment_status":"closed","ping_status":"closed","sticky":false,"template":"","format":"standard","meta":{"footnotes":""},"categories":[1],"tags":[],"class_list":["post-1224","post","type-post","status-publish","format-standard","has-post-thumbnail","hentry","category-eventos"],"_links":{"self":[{"href":"https:\/\/fphv.org\/index.php?rest_route=\/wp\/v2\/posts\/1224","targetHints":{"allow":["GET"]}}],"collection":[{"href":"https:\/\/fphv.org\/index.php?rest_route=\/wp\/v2\/posts"}],"about":[{"href":"https:\/\/fphv.org\/index.php?rest_route=\/wp\/v2\/types\/post"}],"author":[{"embeddable":true,"href":"https:\/\/fphv.org\/index.php?rest_route=\/wp\/v2\/users\/5"}],"replies":[{"embeddable":true,"href":"https:\/\/fphv.org\/index.php?rest_route=%2Fwp%2Fv2%2Fcomments&post=1224"}],"version-history":[{"count":1,"href":"https:\/\/fphv.org\/index.php?rest_route=\/wp\/v2\/posts\/1224\/revisions"}],"predecessor-version":[{"id":1226,"href":"https:\/\/fphv.org\/index.php?rest_route=\/wp\/v2\/posts\/1224\/revisions\/1226"}],"wp:featuredmedia":[{"embeddable":true,"href":"https:\/\/fphv.org\/index.php?rest_route=\/wp\/v2\/media\/1225"}],"wp:attachment":[{"href":"https:\/\/fphv.org\/index.php?rest_route=%2Fwp%2Fv2%2Fmedia&parent=1224"}],"wp:term":[{"taxonomy":"category","embeddable":true,"href":"https:\/\/fphv.org\/index.php?rest_route=%2Fwp%2Fv2%2Fcategories&post=1224"},{"taxonomy":"post_tag","embeddable":true,"href":"https:\/\/fphv.org\/index.php?rest_route=%2Fwp%2Fv2%2Ftags&post=1224"}],"curies":[{"name":"wp","href":"https:\/\/api.w.org\/{rel}","templated":true}]}}