{"id":1221,"date":"2024-10-09T16:32:00","date_gmt":"2024-10-09T19:32:00","guid":{"rendered":"https:\/\/fphv.org\/?p=1221"},"modified":"2024-12-20T16:34:10","modified_gmt":"2024-12-20T19:34:10","slug":"reunion-con-la-ministra-de-genero-y-diversidad","status":"publish","type":"post","link":"https:\/\/fphv.org\/?p=1221","title":{"rendered":"REUNI\u00d3N CON LA MINISTRA DE GENERO Y DIVERSIDAD"},"content":{"rendered":"\n<p>El viernes 4 de octubre, se reunieron con la Ministra de las Mujeres, Pol\u00edticas de G\u00e9nero y Diversidad Sexual, Estela Diaz, miembros del Instituto de Formaci\u00f3n y Promoci\u00f3n del Comercio y el presidente de la FPHV, Rafael Vel\u00e1zquez. <img decoding=\"async\" height=\"16\" width=\"16\" alt=\"\ud83e\udd1d\" src=\"https:\/\/static.xx.fbcdn.net\/images\/emoji.php\/v9\/t64\/1\/16\/1f91d.png\"><img decoding=\"async\" height=\"16\" width=\"16\" alt=\"\ud83d\udc69\u200d\ud83d\udcbc\" src=\"https:\/\/static.xx.fbcdn.net\/images\/emoji.php\/v9\/t79\/1\/16\/1f469_200d_1f4bc.png\"><\/p>\n\n\n\n<p>Este encuentro, en el cual estuvieron presentes, Mart\u00edn Ranea, de la Asociaci\u00f3n Amigos de Calle 12; Natalia Raciti, del C\u00e1mara Comercial del Centro Platense, Marcelo Mancuso de la C\u00e1mara La Plata <a><\/a>Oeste y Mart\u00edn Bizet de la C\u00e1mara de Comercio e Industria de City Bell, busca impulsar pol\u00edticas que fortalezcan las condiciones de las mujeres en los centros comerciales. <img decoding=\"async\" height=\"16\" width=\"16\" alt=\"\ud83d\udecd\ufe0f\" src=\"https:\/\/static.xx.fbcdn.net\/images\/emoji.php\/v9\/taf\/1\/16\/1f6cd.png\"><img loading=\"lazy\" decoding=\"async\" height=\"16\" width=\"16\" alt=\"\ud83d\udcaa\" src=\"https:\/\/static.xx.fbcdn.net\/images\/emoji.php\/v9\/t6c\/1\/16\/1f4aa.png\"> El objetivo es potenciar la inclusi\u00f3n y el desarrollo convivencial, promoviendo la sensibilizaci\u00f3n y educaci\u00f3n sobre el empoderamiento femenino y la diversidad. <img loading=\"lazy\" decoding=\"async\" height=\"16\" width=\"16\" alt=\"\ud83c\udf08\" src=\"https:\/\/static.xx.fbcdn.net\/images\/emoji.php\/v9\/t13\/1\/16\/1f308.png\"><img loading=\"lazy\" decoding=\"async\" height=\"16\" width=\"16\" alt=\"\ud83d\udcda\" src=\"https:\/\/static.xx.fbcdn.net\/images\/emoji.php\/v9\/t49\/1\/16\/1f4da.png\"><\/p>\n\n\n\n<p><a href=\"https:\/\/www.facebook.com\/hashtag\/fphv?__eep__=6&amp;__cft__[0]=AZV_q7cyn3SNdczTA437F1oJ3e6LqjXnuJkdKKhukncY_N1qIcSbBR5eZ7DjQ1n7TcAHoF3RCMGi-d7j0beBSSon55pFg5hVsyoLyKPzC5iePnRa3gazHe4sDofpBTuyXYLiXOSFNYn0Y5wBy8eivcNoa4ueLojEnTwkJO_CjZ9lUO5jb_-cT8qafc5ynymmYlE&amp;__tn__=*NK-R\">#fphv<\/a><a href=\"https:\/\/www.facebook.com\/hashtag\/ministeriodelasmujeresg%C3%A9neroydiversidad?__eep__=6&amp;__cft__[0]=AZV_q7cyn3SNdczTA437F1oJ3e6LqjXnuJkdKKhukncY_N1qIcSbBR5eZ7DjQ1n7TcAHoF3RCMGi-d7j0beBSSon55pFg5hVsyoLyKPzC5iePnRa3gazHe4sDofpBTuyXYLiXOSFNYn0Y5wBy8eivcNoa4ueLojEnTwkJO_CjZ9lUO5jb_-cT8qafc5ynymmYlE&amp;__tn__=*NK-R\">#ministeriodelasmujeresg\u00e9neroydiversidad<\/a><a href=\"https:\/\/www.facebook.com\/hashtag\/empoderamientofemenino?__eep__=6&amp;__cft__[0]=AZV_q7cyn3SNdczTA437F1oJ3e6LqjXnuJkdKKhukncY_N1qIcSbBR5eZ7DjQ1n7TcAHoF3RCMGi-d7j0beBSSon55pFg5hVsyoLyKPzC5iePnRa3gazHe4sDofpBTuyXYLiXOSFNYn0Y5wBy8eivcNoa4ueLojEnTwkJO_CjZ9lUO5jb_-cT8qafc5ynymmYlE&amp;__tn__=*NK-R\">#empoderamientofemenino<\/a><a href=\"https:\/\/www.facebook.com\/hashtag\/inclusionlaboral?__eep__=6&amp;__cft__[0]=AZV_q7cyn3SNdczTA437F1oJ3e6LqjXnuJkdKKhukncY_N1qIcSbBR5eZ7DjQ1n7TcAHoF3RCMGi-d7j0beBSSon55pFg5hVsyoLyKPzC5iePnRa3gazHe4sDofpBTuyXYLiXOSFNYn0Y5wBy8eivcNoa4ueLojEnTwkJO_CjZ9lUO5jb_-cT8qafc5ynymmYlE&amp;__tn__=*NK-R\">#inclusionlaboral<\/a><\/p>\n","protected":false},"excerpt":{"rendered":"<p>El viernes 4 de octubre, se reunieron con la Ministra de las Mujeres, Pol\u00edticas de G\u00e9nero y Diversidad Sexual, Estela Diaz, miembros del Instituto de Formaci\u00f3n y Promoci\u00f3n del Comercio y el presidente de la FPHV, Rafael Vel\u00e1zquez. Este encuentro, en el cual estuvieron presentes, Mart\u00edn Ranea, de la Asociaci\u00f3n Amigos de Calle 12; Natalia [&hellip;]<\/p>\n","protected":false},"author":5,"featured_media":1222,"comment_status":"closed","ping_status":"closed","sticky":false,"template":"","format":"standard","meta":{"footnotes":""},"categories":[2],"tags":[],"class_list":["post-1221","post","type-post","status-publish","format-standard","has-post-thumbnail","hentry","category-prensa"],"_links":{"self":[{"href":"https:\/\/fphv.org\/index.php?rest_route=\/wp\/v2\/posts\/1221","targetHints":{"allow":["GET"]}}],"collection":[{"href":"https:\/\/fphv.org\/index.php?rest_route=\/wp\/v2\/posts"}],"about":[{"href":"https:\/\/fphv.org\/index.php?rest_route=\/wp\/v2\/types\/post"}],"author":[{"embeddable":true,"href":"https:\/\/fphv.org\/index.php?rest_route=\/wp\/v2\/users\/5"}],"replies":[{"embeddable":true,"href":"https:\/\/fphv.org\/index.php?rest_route=%2Fwp%2Fv2%2Fcomments&post=1221"}],"version-history":[{"count":1,"href":"https:\/\/fphv.org\/index.php?rest_route=\/wp\/v2\/posts\/1221\/revisions"}],"predecessor-version":[{"id":1223,"href":"https:\/\/fphv.org\/index.php?rest_route=\/wp\/v2\/posts\/1221\/revisions\/1223"}],"wp:featuredmedia":[{"embeddable":true,"href":"https:\/\/fphv.org\/index.php?rest_route=\/wp\/v2\/media\/1222"}],"wp:attachment":[{"href":"https:\/\/fphv.org\/index.php?rest_route=%2Fwp%2Fv2%2Fmedia&parent=1221"}],"wp:term":[{"taxonomy":"category","embeddable":true,"href":"https:\/\/fphv.org\/index.php?rest_route=%2Fwp%2Fv2%2Fcategories&post=1221"},{"taxonomy":"post_tag","embeddable":true,"href":"https:\/\/fphv.org\/index.php?rest_route=%2Fwp%2Fv2%2Ftags&post=1221"}],"curies":[{"name":"wp","href":"https:\/\/api.w.org\/{rel}","templated":true}]}}